{"id":99646,"date":"2021-09-03T07:51:13","date_gmt":"2021-09-03T10:51:13","guid":{"rendered":"https:\/\/acs.org.br\/antigo\/?p=99646"},"modified":"2021-09-03T08:15:27","modified_gmt":"2021-09-03T11:15:27","slug":"porto-navio-interrompe-operacoes-no-porto","status":"publish","type":"post","link":"https:\/\/acs.org.br\/academy\/porto-navio-interrompe-operacoes-no-porto\/","title":{"rendered":"PORTO: Navio interrompe opera\u00e7\u00f5es no Porto"},"content":{"rendered":"<p>Fonte: A Tribuna<\/p>\n<p>As opera\u00e7\u00f5es do navio Heraklitos, atracado no cais do Armaz\u00e9m 14 do Porto de Santos, foram paralisadas ap\u00f3s a morte de um tripulante,na tarde de ontem.<\/p>\n<p><a href=\"https:\/\/acs.org.br\/antigo\/wp-content\/uploads\/2021\/09\/PORTO0309_02.pdf\">LEIA MAIS&#8230;<\/a><\/p>\n","protected":false},"excerpt":{"rendered":"<p>Fonte: A Tribuna As opera\u00e7\u00f5es do navio Heraklitos, atracado no cais do Armaz\u00e9m 14 do Porto de Santos, foram paralisadas ap\u00f3s a morte de um tripulante,na tarde de ontem. LEIA MAIS&#8230;<\/p>\n","protected":false},"author":2,"featured_media":0,"comment_status":"open","ping_status":"open","sticky":false,"template":"","format":"standard","meta":{"footnotes":""},"categories":[105],"tags":[],"_links":{"self":[{"href":"https:\/\/acs.org.br\/academy\/wp-json\/wp\/v2\/posts\/99646"}],"collection":[{"href":"https:\/\/acs.org.br\/academy\/wp-json\/wp\/v2\/posts"}],"about":[{"href":"https:\/\/acs.org.br\/academy\/wp-json\/wp\/v2\/types\/post"}],"author":[{"embeddable":true,"href":"https:\/\/acs.org.br\/academy\/wp-json\/wp\/v2\/users\/2"}],"replies":[{"embeddable":true,"href":"https:\/\/acs.org.br\/academy\/wp-json\/wp\/v2\/comments?post=99646"}],"version-history":[{"count":2,"href":"https:\/\/acs.org.br\/academy\/wp-json\/wp\/v2\/posts\/99646\/revisions"}],"predecessor-version":[{"id":99654,"href":"https:\/\/acs.org.br\/academy\/wp-json\/wp\/v2\/posts\/99646\/revisions\/99654"}],"wp:attachment":[{"href":"https:\/\/acs.org.br\/academy\/wp-json\/wp\/v2\/media?parent=99646"}],"wp:term":[{"taxonomy":"category","embeddable":true,"href":"https:\/\/acs.org.br\/academy\/wp-json\/wp\/v2\/categories?post=99646"},{"taxonomy":"post_tag","embeddable":true,"href":"https:\/\/acs.org.br\/academy\/wp-json\/wp\/v2\/tags?post=99646"}],"curies":[{"name":"wp","href":"https:\/\/api.w.org\/{rel}","templated":true}]}}