{"id":99639,"date":"2021-09-02T09:20:59","date_gmt":"2021-09-02T12:20:59","guid":{"rendered":"https:\/\/acs.org.br\/antigo\/?p=99639"},"modified":"2021-09-02T09:20:59","modified_gmt":"2021-09-02T12:20:59","slug":"economia-pais-esta-proximo-de-reformas-tributaria-e-administrativa-afirma-guedes","status":"publish","type":"post","link":"https:\/\/acs.org.br\/academy\/economia-pais-esta-proximo-de-reformas-tributaria-e-administrativa-afirma-guedes\/","title":{"rendered":"ECONOMIA: Pa\u00eds est\u00e1 pr\u00f3ximo de reformas tribut\u00e1ria e administrativa, afirma Guedes"},"content":{"rendered":"<p>Fonte: Info Money<\/p>\n<p>O ministro da Economia, Paulo Guedes, disse nesta quarta-feira acreditar que governo e Congresso est\u00e3o pr\u00f3ximos de aprovar uma reforma tribut\u00e1ria.<\/p>\n<p><a href=\"https:\/\/www.infomoney.com.br\/economia\/pais-esta-proximo-de-reformas-tributaria-e-administrativa-afirma-guedes\/\">LEIA MAIS&#8230;<\/a><\/p>\n","protected":false},"excerpt":{"rendered":"<p>Fonte: Info Money O ministro da Economia, Paulo Guedes, disse nesta quarta-feira acreditar que governo e Congresso est\u00e3o pr\u00f3ximos de aprovar uma reforma tribut\u00e1ria. LEIA MAIS&#8230;<\/p>\n","protected":false},"author":3,"featured_media":0,"comment_status":"open","ping_status":"open","sticky":false,"template":"","format":"standard","meta":{"footnotes":""},"categories":[105],"tags":[],"_links":{"self":[{"href":"https:\/\/acs.org.br\/academy\/wp-json\/wp\/v2\/posts\/99639"}],"collection":[{"href":"https:\/\/acs.org.br\/academy\/wp-json\/wp\/v2\/posts"}],"about":[{"href":"https:\/\/acs.org.br\/academy\/wp-json\/wp\/v2\/types\/post"}],"author":[{"embeddable":true,"href":"https:\/\/acs.org.br\/academy\/wp-json\/wp\/v2\/users\/3"}],"replies":[{"embeddable":true,"href":"https:\/\/acs.org.br\/academy\/wp-json\/wp\/v2\/comments?post=99639"}],"version-history":[{"count":1,"href":"https:\/\/acs.org.br\/academy\/wp-json\/wp\/v2\/posts\/99639\/revisions"}],"predecessor-version":[{"id":99640,"href":"https:\/\/acs.org.br\/academy\/wp-json\/wp\/v2\/posts\/99639\/revisions\/99640"}],"wp:attachment":[{"href":"https:\/\/acs.org.br\/academy\/wp-json\/wp\/v2\/media?parent=99639"}],"wp:term":[{"taxonomy":"category","embeddable":true,"href":"https:\/\/acs.org.br\/academy\/wp-json\/wp\/v2\/categories?post=99639"},{"taxonomy":"post_tag","embeddable":true,"href":"https:\/\/acs.org.br\/academy\/wp-json\/wp\/v2\/tags?post=99639"}],"curies":[{"name":"wp","href":"https:\/\/api.w.org\/{rel}","templated":true}]}}