{"id":99637,"date":"2021-09-02T09:13:37","date_gmt":"2021-09-02T12:13:37","guid":{"rendered":"https:\/\/acs.org.br\/antigo\/?p=99637"},"modified":"2021-09-02T09:14:05","modified_gmt":"2021-09-02T12:14:05","slug":"atualidades-chuvas-serao-insuficientes-para-reverter-crise-hidrica-alertam-especialistas","status":"publish","type":"post","link":"https:\/\/acs.org.br\/academy\/atualidades-chuvas-serao-insuficientes-para-reverter-crise-hidrica-alertam-especialistas\/","title":{"rendered":"ATUALIDADES: Chuvas ser\u00e3o insuficientes para reverter crise h\u00eddrica, alertam especialistas"},"content":{"rendered":"<p>Fonte: CNN Brasil<\/p>\n<p>As chuvas previstas para os pr\u00f3ximos tr\u00eas meses n\u00e3o ser\u00e3o suficientes para afastar a crise h\u00eddrica que o pa\u00eds vive. Segundo o Instituto Nacional de Meteorologia (Inmet), ao menos neste momento, as chuvas esperadas para os pr\u00f3ximos meses n\u00e3o v\u00e3o resolver a situa\u00e7\u00e3o de falta d\u2019\u00e1gua nos reservat\u00f3rios.<\/p>\n<p><a href=\"https:\/\/www.cnnbrasil.com.br\/business\/chuvas-serao-insuficientes-para-reverter-crise-hidrica-alertam-especialistas\/\">LEIA MAIS<\/a><\/p>\n","protected":false},"excerpt":{"rendered":"<p>Fonte: CNN Brasil As chuvas previstas para os pr\u00f3ximos tr\u00eas meses n\u00e3o ser\u00e3o suficientes para afastar a crise h\u00eddrica que o pa\u00eds vive. Segundo o Instituto Nacional de Meteorologia (Inmet), ao menos neste momento, as chuvas esperadas para os pr\u00f3ximos meses n\u00e3o v\u00e3o resolver a situa\u00e7\u00e3o de falta d\u2019\u00e1gua nos reservat\u00f3rios. LEIA MAIS<\/p>\n","protected":false},"author":3,"featured_media":0,"comment_status":"open","ping_status":"open","sticky":false,"template":"","format":"standard","meta":{"footnotes":""},"categories":[105],"tags":[],"_links":{"self":[{"href":"https:\/\/acs.org.br\/academy\/wp-json\/wp\/v2\/posts\/99637"}],"collection":[{"href":"https:\/\/acs.org.br\/academy\/wp-json\/wp\/v2\/posts"}],"about":[{"href":"https:\/\/acs.org.br\/academy\/wp-json\/wp\/v2\/types\/post"}],"author":[{"embeddable":true,"href":"https:\/\/acs.org.br\/academy\/wp-json\/wp\/v2\/users\/3"}],"replies":[{"embeddable":true,"href":"https:\/\/acs.org.br\/academy\/wp-json\/wp\/v2\/comments?post=99637"}],"version-history":[{"count":1,"href":"https:\/\/acs.org.br\/academy\/wp-json\/wp\/v2\/posts\/99637\/revisions"}],"predecessor-version":[{"id":99638,"href":"https:\/\/acs.org.br\/academy\/wp-json\/wp\/v2\/posts\/99637\/revisions\/99638"}],"wp:attachment":[{"href":"https:\/\/acs.org.br\/academy\/wp-json\/wp\/v2\/media?parent=99637"}],"wp:term":[{"taxonomy":"category","embeddable":true,"href":"https:\/\/acs.org.br\/academy\/wp-json\/wp\/v2\/categories?post=99637"},{"taxonomy":"post_tag","embeddable":true,"href":"https:\/\/acs.org.br\/academy\/wp-json\/wp\/v2\/tags?post=99637"}],"curies":[{"name":"wp","href":"https:\/\/api.w.org\/{rel}","templated":true}]}}