{"id":99627,"date":"2021-09-02T08:55:40","date_gmt":"2021-09-02T11:55:40","guid":{"rendered":"https:\/\/acs.org.br\/antigo\/?p=99627"},"modified":"2021-09-02T08:55:40","modified_gmt":"2021-09-02T11:55:40","slug":"cafe-oic-exportacoes-globais-de-cafe-tem-alta-de-13","status":"publish","type":"post","link":"https:\/\/acs.org.br\/academy\/cafe-oic-exportacoes-globais-de-cafe-tem-alta-de-13\/","title":{"rendered":"CAF\u00c9: OIC: Exporta\u00e7\u00f5es globais de caf\u00e9 t\u00eam alta de 1,3%"},"content":{"rendered":"<p>Fonte: Not\u00edcias Agr\u00edcolas<\/p>\n<p>Segundo informa\u00e7\u00f5es publicadas pela Safras &amp; Mercado, as exporta\u00e7\u00f5es de caf\u00e9 dos pa\u00edses membros e n\u00e3o-membros da Organiza\u00e7\u00e3o Internacional do Caf\u00e9 (OIC) totalizaram 10,61 milh\u00f5es de sacas de 60 quilos em julho, d\u00e9cimo m\u00eas da safra mundial 2020\/21 (outubro\/setembro), contra 10,47 milh\u00f5es de sacas registradas no mesmo m\u00eas de 2020, alta de 1,3%<\/p>\n<p><a href=\"https:\/\/www.noticiasagricolas.com.br\/noticias\/cafe\/296612-oic-exportacoes-globais-de-cafe-tem-alta-de-1-3.html#.YTC7grBKjIU\">LEIA MAIS&#8230;<\/a><\/p>\n<p>&nbsp;<\/p>\n","protected":false},"excerpt":{"rendered":"<p>Fonte: Not\u00edcias Agr\u00edcolas Segundo informa\u00e7\u00f5es publicadas pela Safras &amp; Mercado, as exporta\u00e7\u00f5es de caf\u00e9 dos pa\u00edses membros e n\u00e3o-membros da Organiza\u00e7\u00e3o Internacional do Caf\u00e9 (OIC) totalizaram 10,61 milh\u00f5es de sacas de 60 quilos em julho, d\u00e9cimo m\u00eas da safra mundial 2020\/21 (outubro\/setembro), contra 10,47 milh\u00f5es de sacas registradas no mesmo m\u00eas de 2020, alta de [&hellip;]<\/p>\n","protected":false},"author":2,"featured_media":0,"comment_status":"open","ping_status":"open","sticky":false,"template":"","format":"standard","meta":{"footnotes":""},"categories":[105],"tags":[],"_links":{"self":[{"href":"https:\/\/acs.org.br\/academy\/wp-json\/wp\/v2\/posts\/99627"}],"collection":[{"href":"https:\/\/acs.org.br\/academy\/wp-json\/wp\/v2\/posts"}],"about":[{"href":"https:\/\/acs.org.br\/academy\/wp-json\/wp\/v2\/types\/post"}],"author":[{"embeddable":true,"href":"https:\/\/acs.org.br\/academy\/wp-json\/wp\/v2\/users\/2"}],"replies":[{"embeddable":true,"href":"https:\/\/acs.org.br\/academy\/wp-json\/wp\/v2\/comments?post=99627"}],"version-history":[{"count":1,"href":"https:\/\/acs.org.br\/academy\/wp-json\/wp\/v2\/posts\/99627\/revisions"}],"predecessor-version":[{"id":99628,"href":"https:\/\/acs.org.br\/academy\/wp-json\/wp\/v2\/posts\/99627\/revisions\/99628"}],"wp:attachment":[{"href":"https:\/\/acs.org.br\/academy\/wp-json\/wp\/v2\/media?parent=99627"}],"wp:term":[{"taxonomy":"category","embeddable":true,"href":"https:\/\/acs.org.br\/academy\/wp-json\/wp\/v2\/categories?post=99627"},{"taxonomy":"post_tag","embeddable":true,"href":"https:\/\/acs.org.br\/academy\/wp-json\/wp\/v2\/tags?post=99627"}],"curies":[{"name":"wp","href":"https:\/\/api.w.org\/{rel}","templated":true}]}}