{"id":99625,"date":"2021-09-02T08:53:29","date_gmt":"2021-09-02T11:53:29","guid":{"rendered":"https:\/\/acs.org.br\/antigo\/?p=99625"},"modified":"2021-09-02T08:53:29","modified_gmt":"2021-09-02T11:53:29","slug":"comercio-exterior-camara-de-comercio-exterior-aprova-ampliacao-da-regra-de-tributacao-do-setor-aeronautico-do-mercosul","status":"publish","type":"post","link":"https:\/\/acs.org.br\/academy\/comercio-exterior-camara-de-comercio-exterior-aprova-ampliacao-da-regra-de-tributacao-do-setor-aeronautico-do-mercosul\/","title":{"rendered":"COM\u00c9RCIO EXTERIOR: C\u00e2mara de Com\u00e9rcio Exterior aprova amplia\u00e7\u00e3o da regra de tributa\u00e7\u00e3o do setor aeron\u00e1utico do Mercosul"},"content":{"rendered":"<p>Fonte: Informativo dos Portos<\/p>\n<p>O Comit\u00ea-Executivo de Gest\u00e3o (Gecex) da C\u00e2mara de Com\u00e9rcio Exterior (Camex) do Minist\u00e9rio da Economia aprovou a internaliza\u00e7\u00e3o da Resolu\u00e7\u00e3o do Grupo do Mercado Comum (GMC) que atualiza a \u201cRegra de Tributa\u00e7\u00e3o da Tarifa Externa Comum para os Produtos do Setor Aeron\u00e1utico\u201d, estabelecida em 1994.<\/p>\n<p><a href=\"https:\/\/www.informativodosportos.com.br\/camara-de-comercio-exterior-aprova-ampliacao-da-regra-de-tributacao-do-setor-aeronautico-do-mercosul\/\">LEIA MAIS&#8230;<\/a><\/p>\n","protected":false},"excerpt":{"rendered":"<p>Fonte: Informativo dos Portos O Comit\u00ea-Executivo de Gest\u00e3o (Gecex) da C\u00e2mara de Com\u00e9rcio Exterior (Camex) do Minist\u00e9rio da Economia aprovou a internaliza\u00e7\u00e3o da Resolu\u00e7\u00e3o do Grupo do Mercado Comum (GMC) que atualiza a \u201cRegra de Tributa\u00e7\u00e3o da Tarifa Externa Comum para os Produtos do Setor Aeron\u00e1utico\u201d, estabelecida em 1994. LEIA MAIS&#8230;<\/p>\n","protected":false},"author":2,"featured_media":0,"comment_status":"open","ping_status":"open","sticky":false,"template":"","format":"standard","meta":{"footnotes":""},"categories":[105],"tags":[],"_links":{"self":[{"href":"https:\/\/acs.org.br\/academy\/wp-json\/wp\/v2\/posts\/99625"}],"collection":[{"href":"https:\/\/acs.org.br\/academy\/wp-json\/wp\/v2\/posts"}],"about":[{"href":"https:\/\/acs.org.br\/academy\/wp-json\/wp\/v2\/types\/post"}],"author":[{"embeddable":true,"href":"https:\/\/acs.org.br\/academy\/wp-json\/wp\/v2\/users\/2"}],"replies":[{"embeddable":true,"href":"https:\/\/acs.org.br\/academy\/wp-json\/wp\/v2\/comments?post=99625"}],"version-history":[{"count":1,"href":"https:\/\/acs.org.br\/academy\/wp-json\/wp\/v2\/posts\/99625\/revisions"}],"predecessor-version":[{"id":99626,"href":"https:\/\/acs.org.br\/academy\/wp-json\/wp\/v2\/posts\/99625\/revisions\/99626"}],"wp:attachment":[{"href":"https:\/\/acs.org.br\/academy\/wp-json\/wp\/v2\/media?parent=99625"}],"wp:term":[{"taxonomy":"category","embeddable":true,"href":"https:\/\/acs.org.br\/academy\/wp-json\/wp\/v2\/categories?post=99625"},{"taxonomy":"post_tag","embeddable":true,"href":"https:\/\/acs.org.br\/academy\/wp-json\/wp\/v2\/tags?post=99625"}],"curies":[{"name":"wp","href":"https:\/\/api.w.org\/{rel}","templated":true}]}}