{"id":99621,"date":"2021-09-02T08:42:46","date_gmt":"2021-09-02T11:42:46","guid":{"rendered":"https:\/\/acs.org.br\/antigo\/?p=99621"},"modified":"2021-09-02T08:42:46","modified_gmt":"2021-09-02T11:42:46","slug":"porto-agendamento-de-caminhoes-no-porto-de-santos-muda-de-plataforma-2","status":"publish","type":"post","link":"https:\/\/acs.org.br\/academy\/porto-agendamento-de-caminhoes-no-porto-de-santos-muda-de-plataforma-2\/","title":{"rendered":"PORTO: Agendamento de caminh\u00f5es no Porto de Santos muda de plataforma"},"content":{"rendered":"<p>Fonte: Informativo dos Portos<\/p>\n<p>Respons\u00e1vel pela elimina\u00e7\u00e3o das filas de caminh\u00f5es que se formavam nas rodovias e vias pr\u00f3ximas ao Porto de Santos at\u00e9 o in\u00edcio da d\u00e9cada passada, o agendamento da chegada de caminh\u00f5es mudar\u00e1 de plataforma, a partir do pr\u00f3ximo dia 21.<\/p>\n<p><a href=\"https:\/\/www.informativodosportos.com.br\/agendamento-de-caminhoes-no-porto-de-santos-muda-de-plataforma\/\">LEIA MAIS&#8230;<\/a><\/p>\n","protected":false},"excerpt":{"rendered":"<p>Fonte: Informativo dos Portos Respons\u00e1vel pela elimina\u00e7\u00e3o das filas de caminh\u00f5es que se formavam nas rodovias e vias pr\u00f3ximas ao Porto de Santos at\u00e9 o in\u00edcio da d\u00e9cada passada, o agendamento da chegada de caminh\u00f5es mudar\u00e1 de plataforma, a partir do pr\u00f3ximo dia 21. LEIA MAIS&#8230;<\/p>\n","protected":false},"author":2,"featured_media":0,"comment_status":"open","ping_status":"open","sticky":false,"template":"","format":"standard","meta":{"footnotes":""},"categories":[105],"tags":[],"_links":{"self":[{"href":"https:\/\/acs.org.br\/academy\/wp-json\/wp\/v2\/posts\/99621"}],"collection":[{"href":"https:\/\/acs.org.br\/academy\/wp-json\/wp\/v2\/posts"}],"about":[{"href":"https:\/\/acs.org.br\/academy\/wp-json\/wp\/v2\/types\/post"}],"author":[{"embeddable":true,"href":"https:\/\/acs.org.br\/academy\/wp-json\/wp\/v2\/users\/2"}],"replies":[{"embeddable":true,"href":"https:\/\/acs.org.br\/academy\/wp-json\/wp\/v2\/comments?post=99621"}],"version-history":[{"count":1,"href":"https:\/\/acs.org.br\/academy\/wp-json\/wp\/v2\/posts\/99621\/revisions"}],"predecessor-version":[{"id":99622,"href":"https:\/\/acs.org.br\/academy\/wp-json\/wp\/v2\/posts\/99621\/revisions\/99622"}],"wp:attachment":[{"href":"https:\/\/acs.org.br\/academy\/wp-json\/wp\/v2\/media?parent=99621"}],"wp:term":[{"taxonomy":"category","embeddable":true,"href":"https:\/\/acs.org.br\/academy\/wp-json\/wp\/v2\/categories?post=99621"},{"taxonomy":"post_tag","embeddable":true,"href":"https:\/\/acs.org.br\/academy\/wp-json\/wp\/v2\/tags?post=99621"}],"curies":[{"name":"wp","href":"https:\/\/api.w.org\/{rel}","templated":true}]}}