{"id":99618,"date":"2021-09-02T08:39:53","date_gmt":"2021-09-02T11:39:53","guid":{"rendered":"https:\/\/acs.org.br\/antigo\/?p=99618"},"modified":"2021-09-02T08:39:53","modified_gmt":"2021-09-02T11:39:53","slug":"economia-ibovespa-fica-na-lanterna-de-bolsas-emergentes","status":"publish","type":"post","link":"https:\/\/acs.org.br\/academy\/economia-ibovespa-fica-na-lanterna-de-bolsas-emergentes\/","title":{"rendered":"ECONOMIA: Ibovespa fica na lanterna de bolsas emergentes"},"content":{"rendered":"<p>Fonte: Valor Econ\u00f4mico<\/p>\n<p>A queda expressiva do Ibovespa, que saiu do pico hist\u00f3rico de 130 mil pontos no in\u00edcio de junho para abaixo da faixa dos 120 mil pontos no in\u00edcio de setembro, descolou novamente o desempenho do \u00edndice local ante seus pares emergentes<\/p>\n<p><a href=\"https:\/\/acs.org.br\/antigo\/wp-content\/uploads\/2021\/09\/VALOR0209.pdf\">LEIA MAIS&#8230;<\/a><\/p>\n","protected":false},"excerpt":{"rendered":"<p>Fonte: Valor Econ\u00f4mico A queda expressiva do Ibovespa, que saiu do pico hist\u00f3rico de 130 mil pontos no in\u00edcio de junho para abaixo da faixa dos 120 mil pontos no in\u00edcio de setembro, descolou novamente o desempenho do \u00edndice local ante seus pares emergentes LEIA MAIS&#8230;<\/p>\n","protected":false},"author":2,"featured_media":0,"comment_status":"open","ping_status":"open","sticky":false,"template":"","format":"standard","meta":{"footnotes":""},"categories":[105],"tags":[],"_links":{"self":[{"href":"https:\/\/acs.org.br\/academy\/wp-json\/wp\/v2\/posts\/99618"}],"collection":[{"href":"https:\/\/acs.org.br\/academy\/wp-json\/wp\/v2\/posts"}],"about":[{"href":"https:\/\/acs.org.br\/academy\/wp-json\/wp\/v2\/types\/post"}],"author":[{"embeddable":true,"href":"https:\/\/acs.org.br\/academy\/wp-json\/wp\/v2\/users\/2"}],"replies":[{"embeddable":true,"href":"https:\/\/acs.org.br\/academy\/wp-json\/wp\/v2\/comments?post=99618"}],"version-history":[{"count":1,"href":"https:\/\/acs.org.br\/academy\/wp-json\/wp\/v2\/posts\/99618\/revisions"}],"predecessor-version":[{"id":99620,"href":"https:\/\/acs.org.br\/academy\/wp-json\/wp\/v2\/posts\/99618\/revisions\/99620"}],"wp:attachment":[{"href":"https:\/\/acs.org.br\/academy\/wp-json\/wp\/v2\/media?parent=99618"}],"wp:term":[{"taxonomy":"category","embeddable":true,"href":"https:\/\/acs.org.br\/academy\/wp-json\/wp\/v2\/categories?post=99618"},{"taxonomy":"post_tag","embeddable":true,"href":"https:\/\/acs.org.br\/academy\/wp-json\/wp\/v2\/tags?post=99618"}],"curies":[{"name":"wp","href":"https:\/\/api.w.org\/{rel}","templated":true}]}}