{"id":99615,"date":"2021-09-02T08:26:08","date_gmt":"2021-09-02T11:26:08","guid":{"rendered":"https:\/\/acs.org.br\/antigo\/?p=99615"},"modified":"2021-09-02T08:26:08","modified_gmt":"2021-09-02T11:26:08","slug":"turismo-hoteis-esperam-ocupacao-de-80-na-baixada-durante-o-feriadao","status":"publish","type":"post","link":"https:\/\/acs.org.br\/academy\/turismo-hoteis-esperam-ocupacao-de-80-na-baixada-durante-o-feriadao\/","title":{"rendered":"TURISMO: Hot\u00e9is esperam ocupa\u00e7\u00e3o de 80% na Baixada durante o feriad\u00e3o"},"content":{"rendered":"<p>Fonte: A Tribuna<\/p>\n<p>A rede hoteleira da Baixada Santista prev\u00ea 80% de ocupa\u00e7\u00e3o durante o feriado da Independ\u00eancia do Brasil, segundo pesquisa do Sindicato de Hot\u00e9is, Restaurantes, Bares e Similares (SinHoRes) da regi\u00e3o e do Vale do Ribeira.<\/p>\n<p><a href=\"https:\/\/acs.org.br\/antigo\/wp-content\/uploads\/2021\/09\/FERIADO0209.pdf\">LEIA MAIS&#8230;<\/a><\/p>\n<p>&nbsp;<\/p>\n","protected":false},"excerpt":{"rendered":"<p>Fonte: A Tribuna A rede hoteleira da Baixada Santista prev\u00ea 80% de ocupa\u00e7\u00e3o durante o feriado da Independ\u00eancia do Brasil, segundo pesquisa do Sindicato de Hot\u00e9is, Restaurantes, Bares e Similares (SinHoRes) da regi\u00e3o e do Vale do Ribeira. LEIA MAIS&#8230; &nbsp;<\/p>\n","protected":false},"author":2,"featured_media":0,"comment_status":"open","ping_status":"open","sticky":false,"template":"","format":"standard","meta":{"footnotes":""},"categories":[105],"tags":[],"_links":{"self":[{"href":"https:\/\/acs.org.br\/academy\/wp-json\/wp\/v2\/posts\/99615"}],"collection":[{"href":"https:\/\/acs.org.br\/academy\/wp-json\/wp\/v2\/posts"}],"about":[{"href":"https:\/\/acs.org.br\/academy\/wp-json\/wp\/v2\/types\/post"}],"author":[{"embeddable":true,"href":"https:\/\/acs.org.br\/academy\/wp-json\/wp\/v2\/users\/2"}],"replies":[{"embeddable":true,"href":"https:\/\/acs.org.br\/academy\/wp-json\/wp\/v2\/comments?post=99615"}],"version-history":[{"count":1,"href":"https:\/\/acs.org.br\/academy\/wp-json\/wp\/v2\/posts\/99615\/revisions"}],"predecessor-version":[{"id":99617,"href":"https:\/\/acs.org.br\/academy\/wp-json\/wp\/v2\/posts\/99615\/revisions\/99617"}],"wp:attachment":[{"href":"https:\/\/acs.org.br\/academy\/wp-json\/wp\/v2\/media?parent=99615"}],"wp:term":[{"taxonomy":"category","embeddable":true,"href":"https:\/\/acs.org.br\/academy\/wp-json\/wp\/v2\/categories?post=99615"},{"taxonomy":"post_tag","embeddable":true,"href":"https:\/\/acs.org.br\/academy\/wp-json\/wp\/v2\/tags?post=99615"}],"curies":[{"name":"wp","href":"https:\/\/api.w.org\/{rel}","templated":true}]}}