{"id":99609,"date":"2021-09-02T08:24:05","date_gmt":"2021-09-02T11:24:05","guid":{"rendered":"https:\/\/acs.org.br\/antigo\/?p=99609"},"modified":"2021-09-02T08:24:05","modified_gmt":"2021-09-02T11:24:05","slug":"porto-cruzeiros-voltam-ao-porto-em-novembro-preve-concais","status":"publish","type":"post","link":"https:\/\/acs.org.br\/academy\/porto-cruzeiros-voltam-ao-porto-em-novembro-preve-concais\/","title":{"rendered":"PORTO: Cruzeiros voltam ao Porto em novembro, prev\u00ea Concais"},"content":{"rendered":"<p>Fonte: A Tribuna<\/p>\n<p>O Terminal de Passageiros Giusfredo Santini, administrado pelo Concais, prev\u00ea a retomada das opera\u00e7\u00f5es com cruzeiros mar\u00edtimos no Porto de Santos nos pr\u00f3ximos meses.<\/p>\n<p><a href=\"https:\/\/acs.org.br\/antigo\/wp-content\/uploads\/2021\/09\/PORTO0209_01.pdf\">LEIA MAIS&#8230;\u00a0<\/a><\/p>\n","protected":false},"excerpt":{"rendered":"<p>Fonte: A Tribuna O Terminal de Passageiros Giusfredo Santini, administrado pelo Concais, prev\u00ea a retomada das opera\u00e7\u00f5es com cruzeiros mar\u00edtimos no Porto de Santos nos pr\u00f3ximos meses. LEIA MAIS&#8230;\u00a0<\/p>\n","protected":false},"author":2,"featured_media":0,"comment_status":"open","ping_status":"open","sticky":false,"template":"","format":"standard","meta":{"footnotes":""},"categories":[105],"tags":[],"_links":{"self":[{"href":"https:\/\/acs.org.br\/academy\/wp-json\/wp\/v2\/posts\/99609"}],"collection":[{"href":"https:\/\/acs.org.br\/academy\/wp-json\/wp\/v2\/posts"}],"about":[{"href":"https:\/\/acs.org.br\/academy\/wp-json\/wp\/v2\/types\/post"}],"author":[{"embeddable":true,"href":"https:\/\/acs.org.br\/academy\/wp-json\/wp\/v2\/users\/2"}],"replies":[{"embeddable":true,"href":"https:\/\/acs.org.br\/academy\/wp-json\/wp\/v2\/comments?post=99609"}],"version-history":[{"count":1,"href":"https:\/\/acs.org.br\/academy\/wp-json\/wp\/v2\/posts\/99609\/revisions"}],"predecessor-version":[{"id":99611,"href":"https:\/\/acs.org.br\/academy\/wp-json\/wp\/v2\/posts\/99609\/revisions\/99611"}],"wp:attachment":[{"href":"https:\/\/acs.org.br\/academy\/wp-json\/wp\/v2\/media?parent=99609"}],"wp:term":[{"taxonomy":"category","embeddable":true,"href":"https:\/\/acs.org.br\/academy\/wp-json\/wp\/v2\/categories?post=99609"},{"taxonomy":"post_tag","embeddable":true,"href":"https:\/\/acs.org.br\/academy\/wp-json\/wp\/v2\/tags?post=99609"}],"curies":[{"name":"wp","href":"https:\/\/api.w.org\/{rel}","templated":true}]}}