{"id":99596,"date":"2021-09-01T14:14:12","date_gmt":"2021-09-01T17:14:12","guid":{"rendered":"https:\/\/acs.org.br\/antigo\/?p=99596"},"modified":"2021-09-01T14:18:13","modified_gmt":"2021-09-01T17:18:13","slug":"museu-do-cafe-promove-atividades-gratuitas-para-comemorar-aniversario-de-99-anos-do-edificio","status":"publish","type":"post","link":"https:\/\/acs.org.br\/academy\/museu-do-cafe-promove-atividades-gratuitas-para-comemorar-aniversario-de-99-anos-do-edificio\/","title":{"rendered":"Museu do Caf\u00e9 promove atividades gratuitas para comemorar anivers\u00e1rio de 99 anos do edif\u00edcio"},"content":{"rendered":"<p><strong>\u00a0<\/strong><em>Programa\u00e7\u00e3o gratuita ter\u00e1 in\u00edcio no s\u00e1bado, com feira Villarejo Art e apresenta\u00e7\u00f5es musicais<\/em><\/p>\n<p>O\u00a0edif\u00edcio da antiga Bolsa Oficial de Caf\u00e9\u00a0foi inaugurado no dia 7 de setembro de 1922, para integrar as comemora\u00e7\u00f5es do centen\u00e1rio da independ\u00eancia do Brasil. Desde ent\u00e3o, o pr\u00e9dio, que levou tr\u00eas anos para ser constru\u00eddo, se tornou um cart\u00e3o-postal da cidade de Santos. Primeiro, como o imponente local de negocia\u00e7\u00e3o dos gr\u00e3os mais cobi\u00e7ados do mundo e, depois, como um espa\u00e7o de cultura, conhecimento e enriquecimento hist\u00f3rico. Para celebrar os 99 anos desse patrim\u00f4nio, o\u00a0Museu do Caf\u00e9\u00a0\u2013 da\u00a0Secretaria de Cultura e Economia Criativa do Estado de S\u00e3o Paulo\u00a0\u2013 realizar\u00e1 uma s\u00e9rie de atra\u00e7\u00f5es gratuitas, entre os dias 4 e 7 de setembro, seguindo os protocolos sanit\u00e1rios de preven\u00e7\u00e3o \u00e0 covid-19.<\/p>\n<p>O primeiro dia de evento (4) ser\u00e1 repleto de programa\u00e7\u00f5es, incluindo uma edi\u00e7\u00e3o especial da feira\u00a0<em>Villarejo Art,<\/em>\u00a0realizada em parceria com o projeto\u00a0<em>Feito em Santos<\/em>, do Departamento de Economia Criativa da Secretaria de Empreendedorismo, Economia Criativa e Turismo (Seectur) de Santos. A a\u00e7\u00e3o, que visa destacar o artesanato criativo e regional, acontecer\u00e1 no boulervard da Rua XV de Novembro e na Rua Frei Gaspar, lateral ao pr\u00e9dio do Museu, das 11h \u00e0s 19h. Na mesma data, a m\u00fasica integrar\u00e1 a agenda com a performance do duo Kika Willcox e Theo Cancello, \u00e0s 13h, trazendo report\u00f3rio de MPB, Jazz e Bossa Nova, na varanda do edif\u00edcio. J\u00e1 \u00e0s 16h, o destaque ficar\u00e1 por conta da orquestra de violas \u201cAmigos Violeiros\u201d, que vem da cidade de S\u00e3o Carlos para encantar quem estiver aproveitando o evento.<\/p>\n<p>O cronograma de a\u00e7\u00f5es segue com duas atra\u00e7\u00f5es educativas. No domingo (5), ser\u00e1 promovida a visita tem\u00e1tica sobre o edif\u00edcio da antiga Bolsa Oficial de Caf\u00e9, \u00e0s 10h, focada na hist\u00f3ria da constru\u00e7\u00e3o. A crian\u00e7ada ter\u00e1 uma atividade especial, podendo acompanhar a conta\u00e7\u00e3o de hist\u00f3rias, que aborda personagens e lendas do caf\u00e9, na segunda-feira (6), tamb\u00e9m \u00e0s 10h. Os interessados dever\u00e3o fazer a inscri\u00e7\u00e3o por meio\u00a0<a href=\"https:\/\/docs.google.com\/forms\/d\/e\/1FAIpQLSdvPGx8IPyFAOujCfAMXeT3k2TeNW366kre3Pt0yREjlLZfXw\/viewform?fbclid=IwAR3wU6MUnvs5MuRWcMQrMGXZOlRavL_c0BvKzloyj6nhpNdi0ePg1Erm9kg\">deste link<\/a>.<\/p>\n<p>Para encerrar as comemora\u00e7\u00f5es, em 7 de setembro, o Museu do Caf\u00e9 conceder\u00e1 entrada gratuita para visita\u00e7\u00e3o nos espa\u00e7os expositivos, que re\u00fanem o Sal\u00e3o do Preg\u00e3o, com obras de Benedicto Calixto, a exposi\u00e7\u00e3o de longa dura\u00e7\u00e3o e as mostras tempor\u00e1rias \u201cMundo em rede: telecomunica\u00e7\u00f5es e o caf\u00e9\u201d e \u201cO Feminino no Caf\u00e9, 1870-1930\u201d. Complementando o \u00faltimo dia de programa\u00e7\u00f5es, o barista da casa realizar\u00e1 uma degusta\u00e7\u00e3o de bebidas especiais, \u00e0s 14h, e o quarteto de cordas \u201cMartins Fontes\u201d, da Prefeitura Municipal de Santos, oferecer\u00e1 um espet\u00e1culo musical, \u00e0s 16h, no Sal\u00e3o do Preg\u00e3o.<\/p>\n<p>As celebra\u00e7\u00f5es t\u00eam o apoio da Prefeitura Municipal de Santos e do projeto Feito em Santos.<\/p>\n<p><strong>Linha de camisetas Museu do Caf\u00e9 &amp; Juicy Deli<\/strong><\/p>\n<p>O Museu do Caf\u00e9 e o Juicy Deli, do Juicy Santos, formalizaram uma importante parceria para levar ao p\u00fablico uma linha de camisetas exclusivas e tem\u00e1ticas. Ser\u00e1 poss\u00edvel encontrar tr\u00eas estampas na feira Villarejo Art e na lojinha do MC.<\/p>\n<h3>Servi\u00e7o<\/h3>\n<p><strong>Feira Villarejo Art, em parceria com o Feito em Santos, do Departamento de Economia Criativa da Seectur<\/strong><\/p>\n<p>Data: 4\/9<\/p>\n<p>Hor\u00e1rio: 11h \u00e0s 19h<\/p>\n<p>Local: Boulervard da Rua XV de Novembro e na Rua Frei Gaspar<\/p>\n<p><strong>Apresenta\u00e7\u00e3o do duo Kika Willcox e Theo Cancello<\/strong><\/p>\n<p>Data: 4\/9<\/p>\n<p>Hor\u00e1rio: 13h<\/p>\n<p>Local: Museu do Caf\u00e9<\/p>\n<p><strong>Apresenta\u00e7\u00e3o da orquestra de violas \u201cAmigos Violeiros\u201d<\/strong><\/p>\n<p>Data: 4\/9<\/p>\n<p>Hor\u00e1rio: 16h<\/p>\n<p>Local: Museu do Caf\u00e9<\/p>\n<p><strong>Visita tem\u00e1tica sobre o edif\u00edcio da antiga Bolsa Oficial de Caf\u00e9<\/strong><\/p>\n<p>Data: 5\/9<\/p>\n<p>Hor\u00e1rio: 10h<\/p>\n<p>Local: Museu do Caf\u00e9<\/p>\n<p>Inscri\u00e7\u00f5es por meio do\u00a0<a href=\"https:\/\/docs.google.com\/forms\/d\/e\/1FAIpQLSdvPGx8IPyFAOujCfAMXeT3k2TeNW366kre3Pt0yREjlLZfXw\/viewform?fbclid=IwAR3wU6MUnvs5MuRWcMQrMGXZOlRavL_c0BvKzloyj6nhpNdi0ePg1Erm9kg\">link<\/a>.<\/p>\n<p><strong>Conta\u00e7\u00e3o de hist\u00f3rias<\/strong><\/p>\n<p>Data: 6\/9<\/p>\n<p>Hor\u00e1rio: 10h<\/p>\n<p>Local: Museu do Caf\u00e9<\/p>\n<p>Inscri\u00e7\u00f5es por meio do\u00a0<a href=\"https:\/\/docs.google.com\/forms\/d\/e\/1FAIpQLSdvPGx8IPyFAOujCfAMXeT3k2TeNW366kre3Pt0yREjlLZfXw\/viewform?fbclid=IwAR3wU6MUnvs5MuRWcMQrMGXZOlRavL_c0BvKzloyj6nhpNdi0ePg1Erm9kg\">link<\/a>.<\/p>\n<p><strong>Degusta\u00e7\u00e3o de caf\u00e9s especiais<\/strong><\/p>\n<p>Data: 7\/9<\/p>\n<p>Hor\u00e1rio: 14h<\/p>\n<p>Local: Museu do Caf\u00e9<\/p>\n<p><strong>Apresenta\u00e7\u00e3o do quarteto de cordas \u201cMartins Fontes\u201d<\/strong><\/p>\n<p>Data: 7\/9<\/p>\n<p>Hor\u00e1rio: 16h<\/p>\n<p>Local: Museu do Caf\u00e9<\/p>\n<p><strong><u>Museu do Caf\u00e9<\/u><\/strong><\/p>\n<p>Rua XV de Novembro, 95 \u2013 Centro Hist\u00f3rico \u2013 Santos\/SP<\/p>\n<p>Telefone: (13) 3213-1750<\/p>\n<p>Funcionamento: ter\u00e7a a domingo, das 9h \u00e0s 18h (bilheteria encerra \u00e0s 17h)<\/p>\n<p>R$ 10,00 e meia entrada para pessoas com mais de 60 anos, aposentados, estudantes, crian\u00e7as e jovens entre 08 e 16 anos, professores da rede particular de ensino e jovens de baixa renda entre 15 e 29 anos<\/p>\n<p>Gr\u00e1tis aos s\u00e1bados<\/p>\n<p>Acessibilidade no local<\/p>\n<p>museudocafe.org.br<\/p>\n","protected":false},"excerpt":{"rendered":"<p>\u00a0Programa\u00e7\u00e3o gratuita ter\u00e1 in\u00edcio no s\u00e1bado, com feira Villarejo Art e apresenta\u00e7\u00f5es musicais O\u00a0edif\u00edcio da antiga Bolsa Oficial de Caf\u00e9\u00a0foi inaugurado no dia 7 de setembro de 1922, para integrar as comemora\u00e7\u00f5es do centen\u00e1rio da independ\u00eancia do Brasil. Desde ent\u00e3o, o pr\u00e9dio, que levou tr\u00eas anos para ser constru\u00eddo, se tornou um cart\u00e3o-postal da cidade [&hellip;]<\/p>\n","protected":false},"author":2,"featured_media":99598,"comment_status":"open","ping_status":"open","sticky":false,"template":"","format":"standard","meta":{"footnotes":""},"categories":[105],"tags":[],"_links":{"self":[{"href":"https:\/\/acs.org.br\/academy\/wp-json\/wp\/v2\/posts\/99596"}],"collection":[{"href":"https:\/\/acs.org.br\/academy\/wp-json\/wp\/v2\/posts"}],"about":[{"href":"https:\/\/acs.org.br\/academy\/wp-json\/wp\/v2\/types\/post"}],"author":[{"embeddable":true,"href":"https:\/\/acs.org.br\/academy\/wp-json\/wp\/v2\/users\/2"}],"replies":[{"embeddable":true,"href":"https:\/\/acs.org.br\/academy\/wp-json\/wp\/v2\/comments?post=99596"}],"version-history":[{"count":3,"href":"https:\/\/acs.org.br\/academy\/wp-json\/wp\/v2\/posts\/99596\/revisions"}],"predecessor-version":[{"id":99600,"href":"https:\/\/acs.org.br\/academy\/wp-json\/wp\/v2\/posts\/99596\/revisions\/99600"}],"wp:featuredmedia":[{"embeddable":true,"href":"https:\/\/acs.org.br\/academy\/wp-json\/wp\/v2\/media\/99598"}],"wp:attachment":[{"href":"https:\/\/acs.org.br\/academy\/wp-json\/wp\/v2\/media?parent=99596"}],"wp:term":[{"taxonomy":"category","embeddable":true,"href":"https:\/\/acs.org.br\/academy\/wp-json\/wp\/v2\/categories?post=99596"},{"taxonomy":"post_tag","embeddable":true,"href":"https:\/\/acs.org.br\/academy\/wp-json\/wp\/v2\/tags?post=99596"}],"curies":[{"name":"wp","href":"https:\/\/api.w.org\/{rel}","templated":true}]}}