{"id":99582,"date":"2021-09-01T10:36:35","date_gmt":"2021-09-01T13:36:35","guid":{"rendered":"https:\/\/acs.org.br\/antigo\/?p=99582"},"modified":"2021-09-01T10:36:35","modified_gmt":"2021-09-01T13:36:35","slug":"cafe-como-o-mundo-enxerga-o-cafe-brasileiro-assista-ao-15o-episodio-da-webserie-da-bsca","status":"publish","type":"post","link":"https:\/\/acs.org.br\/academy\/cafe-como-o-mundo-enxerga-o-cafe-brasileiro-assista-ao-15o-episodio-da-webserie-da-bsca\/","title":{"rendered":"CAF\u00c9: Como o mundo enxerga o caf\u00e9 brasileiro? Assista ao 15\u00ba epis\u00f3dio da webs\u00e9rie da BSCA"},"content":{"rendered":"<p>Fonte: Caf\u00e9 Point<\/p>\n<p>Na quarta-feira (1\u00ba) acontece o lan\u00e7amento do 15\u00ba epis\u00f3dio da webs\u00e9rie \u201cA Hist\u00f3ria do Caf\u00e9 Especial \u2013 O olhar da BSCA em 30 anos\u201d, realizada pela Associa\u00e7\u00e3o Brasileira de Caf\u00e9s Especiais (BSCA) em parceria com a Caf\u00e9 Editora.<\/p>\n<p><a href=\"https:\/\/www.cafepoint.com.br\/noticias\/giro-de-noticias\/como-o-mundo-enxerga-o-cafe-brasileiro-assista-ao-15-episodio-da-webserie-da-bsca-227048\/\">LEIA MAIS&#8230;<\/a><\/p>\n<p>&nbsp;<\/p>\n","protected":false},"excerpt":{"rendered":"<p>Fonte: Caf\u00e9 Point Na quarta-feira (1\u00ba) acontece o lan\u00e7amento do 15\u00ba epis\u00f3dio da webs\u00e9rie \u201cA Hist\u00f3ria do Caf\u00e9 Especial \u2013 O olhar da BSCA em 30 anos\u201d, realizada pela Associa\u00e7\u00e3o Brasileira de Caf\u00e9s Especiais (BSCA) em parceria com a Caf\u00e9 Editora. LEIA MAIS&#8230; &nbsp;<\/p>\n","protected":false},"author":3,"featured_media":0,"comment_status":"open","ping_status":"open","sticky":false,"template":"","format":"standard","meta":{"footnotes":""},"categories":[105],"tags":[],"_links":{"self":[{"href":"https:\/\/acs.org.br\/academy\/wp-json\/wp\/v2\/posts\/99582"}],"collection":[{"href":"https:\/\/acs.org.br\/academy\/wp-json\/wp\/v2\/posts"}],"about":[{"href":"https:\/\/acs.org.br\/academy\/wp-json\/wp\/v2\/types\/post"}],"author":[{"embeddable":true,"href":"https:\/\/acs.org.br\/academy\/wp-json\/wp\/v2\/users\/3"}],"replies":[{"embeddable":true,"href":"https:\/\/acs.org.br\/academy\/wp-json\/wp\/v2\/comments?post=99582"}],"version-history":[{"count":1,"href":"https:\/\/acs.org.br\/academy\/wp-json\/wp\/v2\/posts\/99582\/revisions"}],"predecessor-version":[{"id":99583,"href":"https:\/\/acs.org.br\/academy\/wp-json\/wp\/v2\/posts\/99582\/revisions\/99583"}],"wp:attachment":[{"href":"https:\/\/acs.org.br\/academy\/wp-json\/wp\/v2\/media?parent=99582"}],"wp:term":[{"taxonomy":"category","embeddable":true,"href":"https:\/\/acs.org.br\/academy\/wp-json\/wp\/v2\/categories?post=99582"},{"taxonomy":"post_tag","embeddable":true,"href":"https:\/\/acs.org.br\/academy\/wp-json\/wp\/v2\/tags?post=99582"}],"curies":[{"name":"wp","href":"https:\/\/api.w.org\/{rel}","templated":true}]}}