{"id":99578,"date":"2021-09-01T10:14:46","date_gmt":"2021-09-01T13:14:46","guid":{"rendered":"https:\/\/acs.org.br\/antigo\/?p=99578"},"modified":"2021-09-01T10:14:46","modified_gmt":"2021-09-01T13:14:46","slug":"comercio-exterior-empresas-estimam-prejuizos-de-mais-de-r-12-bi-sem-prorrogacao-de-prazos-para-exportacao","status":"publish","type":"post","link":"https:\/\/acs.org.br\/academy\/comercio-exterior-empresas-estimam-prejuizos-de-mais-de-r-12-bi-sem-prorrogacao-de-prazos-para-exportacao\/","title":{"rendered":"COM\u00c9RCIO EXTERIOR: Empresas estimam preju\u00edzos de mais de R$ 1,2 bi sem prorroga\u00e7\u00e3o de prazos para exporta\u00e7\u00e3o"},"content":{"rendered":"<p>Fonte: Ag\u00eancia Porto<\/p>\n<p>Sem medida do governo brasileiro para ampliar prazos, diante dos impactos da pandemia da Covid-19 no setor, exportadoras brasileiras que utilizam o drawback estimam perdas de mais de R$ 1,2 bilh\u00e3o em 2021. O levantamento da Confedera\u00e7\u00e3o Nacional da Ind\u00fastria (CNI) \u00e9 referente a 406 atos concess\u00f3rios \u2013 dos quais 121 j\u00e1 venceram no primeiro semestre.<\/p>\n<p><a href=\"http:\/\/agenciaporto.com\/empresas-estimam-prejuizos-de-mais-de-r-12-bi-sem-prorrogacao-de-prazos-para-exportacao\/\">LEIA MAIS&#8230;<\/a><\/p>\n<p>&nbsp;<\/p>\n","protected":false},"excerpt":{"rendered":"<p>Fonte: Ag\u00eancia Porto Sem medida do governo brasileiro para ampliar prazos, diante dos impactos da pandemia da Covid-19 no setor, exportadoras brasileiras que utilizam o drawback estimam perdas de mais de R$ 1,2 bilh\u00e3o em 2021. O levantamento da Confedera\u00e7\u00e3o Nacional da Ind\u00fastria (CNI) \u00e9 referente a 406 atos concess\u00f3rios \u2013 dos quais 121 j\u00e1 [&hellip;]<\/p>\n","protected":false},"author":3,"featured_media":0,"comment_status":"open","ping_status":"open","sticky":false,"template":"","format":"standard","meta":{"footnotes":""},"categories":[105],"tags":[],"_links":{"self":[{"href":"https:\/\/acs.org.br\/academy\/wp-json\/wp\/v2\/posts\/99578"}],"collection":[{"href":"https:\/\/acs.org.br\/academy\/wp-json\/wp\/v2\/posts"}],"about":[{"href":"https:\/\/acs.org.br\/academy\/wp-json\/wp\/v2\/types\/post"}],"author":[{"embeddable":true,"href":"https:\/\/acs.org.br\/academy\/wp-json\/wp\/v2\/users\/3"}],"replies":[{"embeddable":true,"href":"https:\/\/acs.org.br\/academy\/wp-json\/wp\/v2\/comments?post=99578"}],"version-history":[{"count":1,"href":"https:\/\/acs.org.br\/academy\/wp-json\/wp\/v2\/posts\/99578\/revisions"}],"predecessor-version":[{"id":99579,"href":"https:\/\/acs.org.br\/academy\/wp-json\/wp\/v2\/posts\/99578\/revisions\/99579"}],"wp:attachment":[{"href":"https:\/\/acs.org.br\/academy\/wp-json\/wp\/v2\/media?parent=99578"}],"wp:term":[{"taxonomy":"category","embeddable":true,"href":"https:\/\/acs.org.br\/academy\/wp-json\/wp\/v2\/categories?post=99578"},{"taxonomy":"post_tag","embeddable":true,"href":"https:\/\/acs.org.br\/academy\/wp-json\/wp\/v2\/tags?post=99578"}],"curies":[{"name":"wp","href":"https:\/\/api.w.org\/{rel}","templated":true}]}}