{"id":99572,"date":"2021-09-01T10:10:07","date_gmt":"2021-09-01T13:10:07","guid":{"rendered":"https:\/\/acs.org.br\/antigo\/?p=99572"},"modified":"2021-09-01T10:10:07","modified_gmt":"2021-09-01T13:10:07","slug":"porto-agendamento-de-caminhoes-no-porto-de-santos-muda-de-plataforma","status":"publish","type":"post","link":"https:\/\/acs.org.br\/academy\/porto-agendamento-de-caminhoes-no-porto-de-santos-muda-de-plataforma\/","title":{"rendered":"PORTO: Agendamento de caminh\u00f5es no Porto de Santos muda de plataforma"},"content":{"rendered":"<p>Fonte: Ag\u00eancia Porto<\/p>\n<p>Respons\u00e1vel pela elimina\u00e7\u00e3o das filas de caminh\u00f5es que se formavam nas rodovias e vias pr\u00f3ximas ao Porto de Santos at\u00e9 o in\u00edcio da d\u00e9cada passada, o agendamento da chegada de caminh\u00f5es mudar\u00e1 de plataforma, a partir do pr\u00f3ximo dia 21. A nova ferramenta j\u00e1 est\u00e1 dispon\u00edvel aos usu\u00e1rios para testes.<\/p>\n<p><a href=\"http:\/\/agenciaporto.com\/agendamento-de-caminhoes-no-porto-de-santos-muda-de-plataforma\">LEIA MAIS&#8230;<\/a><\/p>\n<p>&nbsp;<\/p>\n","protected":false},"excerpt":{"rendered":"<p>Fonte: Ag\u00eancia Porto Respons\u00e1vel pela elimina\u00e7\u00e3o das filas de caminh\u00f5es que se formavam nas rodovias e vias pr\u00f3ximas ao Porto de Santos at\u00e9 o in\u00edcio da d\u00e9cada passada, o agendamento da chegada de caminh\u00f5es mudar\u00e1 de plataforma, a partir do pr\u00f3ximo dia 21. A nova ferramenta j\u00e1 est\u00e1 dispon\u00edvel aos usu\u00e1rios para testes. LEIA MAIS&#8230; [&hellip;]<\/p>\n","protected":false},"author":3,"featured_media":0,"comment_status":"open","ping_status":"open","sticky":false,"template":"","format":"standard","meta":{"footnotes":""},"categories":[105],"tags":[],"_links":{"self":[{"href":"https:\/\/acs.org.br\/academy\/wp-json\/wp\/v2\/posts\/99572"}],"collection":[{"href":"https:\/\/acs.org.br\/academy\/wp-json\/wp\/v2\/posts"}],"about":[{"href":"https:\/\/acs.org.br\/academy\/wp-json\/wp\/v2\/types\/post"}],"author":[{"embeddable":true,"href":"https:\/\/acs.org.br\/academy\/wp-json\/wp\/v2\/users\/3"}],"replies":[{"embeddable":true,"href":"https:\/\/acs.org.br\/academy\/wp-json\/wp\/v2\/comments?post=99572"}],"version-history":[{"count":1,"href":"https:\/\/acs.org.br\/academy\/wp-json\/wp\/v2\/posts\/99572\/revisions"}],"predecessor-version":[{"id":99573,"href":"https:\/\/acs.org.br\/academy\/wp-json\/wp\/v2\/posts\/99572\/revisions\/99573"}],"wp:attachment":[{"href":"https:\/\/acs.org.br\/academy\/wp-json\/wp\/v2\/media?parent=99572"}],"wp:term":[{"taxonomy":"category","embeddable":true,"href":"https:\/\/acs.org.br\/academy\/wp-json\/wp\/v2\/categories?post=99572"},{"taxonomy":"post_tag","embeddable":true,"href":"https:\/\/acs.org.br\/academy\/wp-json\/wp\/v2\/tags?post=99572"}],"curies":[{"name":"wp","href":"https:\/\/api.w.org\/{rel}","templated":true}]}}