{"id":99568,"date":"2021-09-01T10:05:03","date_gmt":"2021-09-01T13:05:03","guid":{"rendered":"https:\/\/acs.org.br\/antigo\/?p=99568"},"modified":"2021-09-01T10:05:03","modified_gmt":"2021-09-01T13:05:03","slug":"economia-governo-propoe-salario-minimo-de-r-1-169-para-2022-sem-aumento-acima-da-inflacao","status":"publish","type":"post","link":"https:\/\/acs.org.br\/academy\/economia-governo-propoe-salario-minimo-de-r-1-169-para-2022-sem-aumento-acima-da-inflacao\/","title":{"rendered":"ECONOMIA: Governo prop\u00f5e sal\u00e1rio m\u00ednimo de R$ 1.169 para 2022, sem aumento acima da infla\u00e7\u00e3o"},"content":{"rendered":"<p>Fonte: G1<\/p>\n<p>O governo federal enviou ao Congresso Nacional a proposta de um sal\u00e1rio m\u00ednimo de R$ 1.169 para 2022. O valor consta no projeto da Lei Or\u00e7ament\u00e1ria Anual divulgado pelo Minist\u00e9rio da Economia nesta ter\u00e7a-feira (31), \u00faltimo dia do prazo para o envio do texto.<\/p>\n<p><a href=\"https:\/\/g1.globo.com\/economia\/noticia\/2021\/08\/31\/governo-propoe-salario-minimo-de-r-1169-para-2022.ghtml\">LEIA MAIS&#8230;<\/a><\/p>\n<p>&nbsp;<\/p>\n","protected":false},"excerpt":{"rendered":"<p>Fonte: G1 O governo federal enviou ao Congresso Nacional a proposta de um sal\u00e1rio m\u00ednimo de R$ 1.169 para 2022. O valor consta no projeto da Lei Or\u00e7ament\u00e1ria Anual divulgado pelo Minist\u00e9rio da Economia nesta ter\u00e7a-feira (31), \u00faltimo dia do prazo para o envio do texto. LEIA MAIS&#8230; &nbsp;<\/p>\n","protected":false},"author":3,"featured_media":0,"comment_status":"open","ping_status":"open","sticky":false,"template":"","format":"standard","meta":{"footnotes":""},"categories":[105],"tags":[],"_links":{"self":[{"href":"https:\/\/acs.org.br\/academy\/wp-json\/wp\/v2\/posts\/99568"}],"collection":[{"href":"https:\/\/acs.org.br\/academy\/wp-json\/wp\/v2\/posts"}],"about":[{"href":"https:\/\/acs.org.br\/academy\/wp-json\/wp\/v2\/types\/post"}],"author":[{"embeddable":true,"href":"https:\/\/acs.org.br\/academy\/wp-json\/wp\/v2\/users\/3"}],"replies":[{"embeddable":true,"href":"https:\/\/acs.org.br\/academy\/wp-json\/wp\/v2\/comments?post=99568"}],"version-history":[{"count":1,"href":"https:\/\/acs.org.br\/academy\/wp-json\/wp\/v2\/posts\/99568\/revisions"}],"predecessor-version":[{"id":99569,"href":"https:\/\/acs.org.br\/academy\/wp-json\/wp\/v2\/posts\/99568\/revisions\/99569"}],"wp:attachment":[{"href":"https:\/\/acs.org.br\/academy\/wp-json\/wp\/v2\/media?parent=99568"}],"wp:term":[{"taxonomy":"category","embeddable":true,"href":"https:\/\/acs.org.br\/academy\/wp-json\/wp\/v2\/categories?post=99568"},{"taxonomy":"post_tag","embeddable":true,"href":"https:\/\/acs.org.br\/academy\/wp-json\/wp\/v2\/tags?post=99568"}],"curies":[{"name":"wp","href":"https:\/\/api.w.org\/{rel}","templated":true}]}}