{"id":99555,"date":"2021-09-01T08:56:41","date_gmt":"2021-09-01T11:56:41","guid":{"rendered":"https:\/\/acs.org.br\/antigo\/?p=99555"},"modified":"2021-09-01T08:56:41","modified_gmt":"2021-09-01T11:56:41","slug":"porto-porto-360-%cc%8a-discute-futuro-do-setor","status":"publish","type":"post","link":"https:\/\/acs.org.br\/academy\/porto-porto-360-%cc%8a-discute-futuro-do-setor\/","title":{"rendered":"PORTO: Porto 360 \u030a discute futuro do setor"},"content":{"rendered":"<p>Fonte: A\u00a0 Tribuna\u00a0<\/p>\n<p>Estrat\u00e9gias para o desenvolvimento do Porto de Santos e a atra\u00e7\u00e3o de novos neg\u00f3cios ser\u00e3o debatidas hoje no programa Porto 360 \u030a, transmitido pelas redes sociais (Facebook e Youtube) do Grupo Tribuna \u00e0s 19h45.<\/p>\n<p><a href=\"https:\/\/acs.org.br\/antigo\/wp-content\/uploads\/2021\/09\/PORTO0109_02.pdf\">LEIA MAIS&#8230;<\/a><\/p>\n","protected":false},"excerpt":{"rendered":"<p>Fonte: A\u00a0 Tribuna\u00a0 Estrat\u00e9gias para o desenvolvimento do Porto de Santos e a atra\u00e7\u00e3o de novos neg\u00f3cios ser\u00e3o debatidas hoje no programa Porto 360 \u030a, transmitido pelas redes sociais (Facebook e Youtube) do Grupo Tribuna \u00e0s 19h45. LEIA MAIS&#8230;<\/p>\n","protected":false},"author":2,"featured_media":0,"comment_status":"open","ping_status":"open","sticky":false,"template":"","format":"standard","meta":{"footnotes":""},"categories":[105],"tags":[],"_links":{"self":[{"href":"https:\/\/acs.org.br\/academy\/wp-json\/wp\/v2\/posts\/99555"}],"collection":[{"href":"https:\/\/acs.org.br\/academy\/wp-json\/wp\/v2\/posts"}],"about":[{"href":"https:\/\/acs.org.br\/academy\/wp-json\/wp\/v2\/types\/post"}],"author":[{"embeddable":true,"href":"https:\/\/acs.org.br\/academy\/wp-json\/wp\/v2\/users\/2"}],"replies":[{"embeddable":true,"href":"https:\/\/acs.org.br\/academy\/wp-json\/wp\/v2\/comments?post=99555"}],"version-history":[{"count":1,"href":"https:\/\/acs.org.br\/academy\/wp-json\/wp\/v2\/posts\/99555\/revisions"}],"predecessor-version":[{"id":99556,"href":"https:\/\/acs.org.br\/academy\/wp-json\/wp\/v2\/posts\/99555\/revisions\/99556"}],"wp:attachment":[{"href":"https:\/\/acs.org.br\/academy\/wp-json\/wp\/v2\/media?parent=99555"}],"wp:term":[{"taxonomy":"category","embeddable":true,"href":"https:\/\/acs.org.br\/academy\/wp-json\/wp\/v2\/categories?post=99555"},{"taxonomy":"post_tag","embeddable":true,"href":"https:\/\/acs.org.br\/academy\/wp-json\/wp\/v2\/tags?post=99555"}],"curies":[{"name":"wp","href":"https:\/\/api.w.org\/{rel}","templated":true}]}}