{"id":99544,"date":"2021-09-01T08:22:54","date_gmt":"2021-09-01T11:22:54","guid":{"rendered":"https:\/\/acs.org.br\/antigo\/?p=99544"},"modified":"2021-09-01T08:22:54","modified_gmt":"2021-09-01T11:22:54","slug":"saude-baixada-santista-registra-29-casos-da-variante-delta","status":"publish","type":"post","link":"https:\/\/acs.org.br\/academy\/saude-baixada-santista-registra-29-casos-da-variante-delta\/","title":{"rendered":"SA\u00daDE: Baixada Santista registra 29 casos da variante delta"},"content":{"rendered":"<p>Fonte: Di\u00e1rio do Litoral<\/p>\n<p>Baixada Santista tem 29 casos da variante delta. Uma nova classifica\u00e7\u00e3o da Organiza\u00e7\u00e3o Mundial de Sa\u00fade (OMS) para an\u00e1lise e confirma\u00e7\u00e3o desta cepa fez a Regi\u00e3o chegar a este n\u00famero. <\/p>\n<p><a href=\"https:\/\/www.diariodolitoral.com.br\/saude\/baixada-santista-registra-29-casos-da-variante-delta\/148811\/\">LEIA MAIS&#8230;.<\/a><\/p>\n<p>&nbsp;<\/p>\n","protected":false},"excerpt":{"rendered":"<p>Fonte: Di\u00e1rio do Litoral Baixada Santista tem 29 casos da variante delta. Uma nova classifica\u00e7\u00e3o da Organiza\u00e7\u00e3o Mundial de Sa\u00fade (OMS) para an\u00e1lise e confirma\u00e7\u00e3o desta cepa fez a Regi\u00e3o chegar a este n\u00famero. LEIA MAIS&#8230;. &nbsp;<\/p>\n","protected":false},"author":2,"featured_media":0,"comment_status":"open","ping_status":"open","sticky":false,"template":"","format":"standard","meta":{"footnotes":""},"categories":[105],"tags":[],"_links":{"self":[{"href":"https:\/\/acs.org.br\/academy\/wp-json\/wp\/v2\/posts\/99544"}],"collection":[{"href":"https:\/\/acs.org.br\/academy\/wp-json\/wp\/v2\/posts"}],"about":[{"href":"https:\/\/acs.org.br\/academy\/wp-json\/wp\/v2\/types\/post"}],"author":[{"embeddable":true,"href":"https:\/\/acs.org.br\/academy\/wp-json\/wp\/v2\/users\/2"}],"replies":[{"embeddable":true,"href":"https:\/\/acs.org.br\/academy\/wp-json\/wp\/v2\/comments?post=99544"}],"version-history":[{"count":1,"href":"https:\/\/acs.org.br\/academy\/wp-json\/wp\/v2\/posts\/99544\/revisions"}],"predecessor-version":[{"id":99545,"href":"https:\/\/acs.org.br\/academy\/wp-json\/wp\/v2\/posts\/99544\/revisions\/99545"}],"wp:attachment":[{"href":"https:\/\/acs.org.br\/academy\/wp-json\/wp\/v2\/media?parent=99544"}],"wp:term":[{"taxonomy":"category","embeddable":true,"href":"https:\/\/acs.org.br\/academy\/wp-json\/wp\/v2\/categories?post=99544"},{"taxonomy":"post_tag","embeddable":true,"href":"https:\/\/acs.org.br\/academy\/wp-json\/wp\/v2\/tags?post=99544"}],"curies":[{"name":"wp","href":"https:\/\/api.w.org\/{rel}","templated":true}]}}