{"id":99535,"date":"2021-08-31T17:27:24","date_gmt":"2021-08-31T20:27:24","guid":{"rendered":"https:\/\/acs.org.br\/antigo\/?p=99535"},"modified":"2021-08-31T17:29:02","modified_gmt":"2021-08-31T20:29:02","slug":"governo-realiza-abertura-de-propostas-para-implantacao-da-1a-ferrovia-estadual-em-mt","status":"publish","type":"post","link":"https:\/\/acs.org.br\/academy\/governo-realiza-abertura-de-propostas-para-implantacao-da-1a-ferrovia-estadual-em-mt\/","title":{"rendered":"INFRAESTRUTURA: Governo realiza abertura de propostas para implanta\u00e7\u00e3o da 1\u00aa ferrovia estadual em MT"},"content":{"rendered":"<p>Fonte: Ag\u00eancia Infra<\/p>\n<p>O Governo do Estado, por meio da Secretaria de Estado de Infraestrutura e Log\u00edstica (Sinfra), realiza nesta sexta-feira (03.09), \u00e0s 9h, a sess\u00e3o de abertura de propostas de empresas interessadas em obter autoriza\u00e7\u00e3o do Estado para implanta\u00e7\u00e3o da primeira ferrovia estadual de Mato Grosso<\/p>\n<p><a href=\"http:\/\/www.mt.gov.br\/web\/sinfra\/-\/17841158-governo-realiza-abertura-de-propostas-para-implantacao-da-1-ferrovia-estadual-em-mt\">LEIA MAIS&#8230;.<\/a><\/p>\n<h3 class=\"header-title\">\u00a0<\/h3>\n","protected":false},"excerpt":{"rendered":"<p>Fonte: Ag\u00eancia Infra O Governo do Estado, por meio da Secretaria de Estado de Infraestrutura e Log\u00edstica (Sinfra), realiza nesta sexta-feira (03.09), \u00e0s 9h, a sess\u00e3o de abertura de propostas de empresas interessadas em obter autoriza\u00e7\u00e3o do Estado para implanta\u00e7\u00e3o da primeira ferrovia estadual de Mato Grosso LEIA MAIS&#8230;. \u00a0<\/p>\n","protected":false},"author":2,"featured_media":0,"comment_status":"open","ping_status":"open","sticky":false,"template":"","format":"standard","meta":{"footnotes":""},"categories":[105],"tags":[],"_links":{"self":[{"href":"https:\/\/acs.org.br\/academy\/wp-json\/wp\/v2\/posts\/99535"}],"collection":[{"href":"https:\/\/acs.org.br\/academy\/wp-json\/wp\/v2\/posts"}],"about":[{"href":"https:\/\/acs.org.br\/academy\/wp-json\/wp\/v2\/types\/post"}],"author":[{"embeddable":true,"href":"https:\/\/acs.org.br\/academy\/wp-json\/wp\/v2\/users\/2"}],"replies":[{"embeddable":true,"href":"https:\/\/acs.org.br\/academy\/wp-json\/wp\/v2\/comments?post=99535"}],"version-history":[{"count":2,"href":"https:\/\/acs.org.br\/academy\/wp-json\/wp\/v2\/posts\/99535\/revisions"}],"predecessor-version":[{"id":99537,"href":"https:\/\/acs.org.br\/academy\/wp-json\/wp\/v2\/posts\/99535\/revisions\/99537"}],"wp:attachment":[{"href":"https:\/\/acs.org.br\/academy\/wp-json\/wp\/v2\/media?parent=99535"}],"wp:term":[{"taxonomy":"category","embeddable":true,"href":"https:\/\/acs.org.br\/academy\/wp-json\/wp\/v2\/categories?post=99535"},{"taxonomy":"post_tag","embeddable":true,"href":"https:\/\/acs.org.br\/academy\/wp-json\/wp\/v2\/tags?post=99535"}],"curies":[{"name":"wp","href":"https:\/\/api.w.org\/{rel}","templated":true}]}}