{"id":99525,"date":"2021-08-31T08:34:36","date_gmt":"2021-08-31T11:34:36","guid":{"rendered":"https:\/\/acs.org.br\/antigo\/?p=99525"},"modified":"2021-08-31T08:34:36","modified_gmt":"2021-08-31T11:34:36","slug":"cafe-entraves-logisticos-do-transporte-maritimo-mundial-impactam-exportacoes-de-cafe","status":"publish","type":"post","link":"https:\/\/acs.org.br\/academy\/cafe-entraves-logisticos-do-transporte-maritimo-mundial-impactam-exportacoes-de-cafe\/","title":{"rendered":"CAF\u00c9: Entraves log\u00edsticos do transporte mar\u00edtimo mundial impactam exporta\u00e7\u00f5es de caf\u00e9"},"content":{"rendered":"<p>Fonte: Revista Globo Rural<\/p>\n<p>Diferente do ocorrido em diversos segmentos da economia e do com\u00e9rcio, a cafeicultura, em especial a brasileira, mostrou-se resiliente frente \u00e0 pandemia da Covid-19, com o Brasil registrando recorde em produ\u00e7\u00e3o e exporta\u00e7\u00e3o em 2020 e na safra 2020\/21.<\/p>\n<p><a href=\"https:\/\/revistagloborural.globo.com\/Noticias\/Opiniao\/Vozes-do-Agro\/noticia\/2021\/08\/entraves-logisticos-do-transporte-maritimo-mundial-impactam-exportacoes-de-cafe.html\">LEIA MAIS&#8230;<\/a><\/p>\n<p>&nbsp;<\/p>\n","protected":false},"excerpt":{"rendered":"<p>Fonte: Revista Globo Rural Diferente do ocorrido em diversos segmentos da economia e do com\u00e9rcio, a cafeicultura, em especial a brasileira, mostrou-se resiliente frente \u00e0 pandemia da Covid-19, com o Brasil registrando recorde em produ\u00e7\u00e3o e exporta\u00e7\u00e3o em 2020 e na safra 2020\/21. LEIA MAIS&#8230; &nbsp;<\/p>\n","protected":false},"author":2,"featured_media":0,"comment_status":"open","ping_status":"open","sticky":false,"template":"","format":"standard","meta":{"footnotes":""},"categories":[105],"tags":[],"_links":{"self":[{"href":"https:\/\/acs.org.br\/academy\/wp-json\/wp\/v2\/posts\/99525"}],"collection":[{"href":"https:\/\/acs.org.br\/academy\/wp-json\/wp\/v2\/posts"}],"about":[{"href":"https:\/\/acs.org.br\/academy\/wp-json\/wp\/v2\/types\/post"}],"author":[{"embeddable":true,"href":"https:\/\/acs.org.br\/academy\/wp-json\/wp\/v2\/users\/2"}],"replies":[{"embeddable":true,"href":"https:\/\/acs.org.br\/academy\/wp-json\/wp\/v2\/comments?post=99525"}],"version-history":[{"count":1,"href":"https:\/\/acs.org.br\/academy\/wp-json\/wp\/v2\/posts\/99525\/revisions"}],"predecessor-version":[{"id":99526,"href":"https:\/\/acs.org.br\/academy\/wp-json\/wp\/v2\/posts\/99525\/revisions\/99526"}],"wp:attachment":[{"href":"https:\/\/acs.org.br\/academy\/wp-json\/wp\/v2\/media?parent=99525"}],"wp:term":[{"taxonomy":"category","embeddable":true,"href":"https:\/\/acs.org.br\/academy\/wp-json\/wp\/v2\/categories?post=99525"},{"taxonomy":"post_tag","embeddable":true,"href":"https:\/\/acs.org.br\/academy\/wp-json\/wp\/v2\/tags?post=99525"}],"curies":[{"name":"wp","href":"https:\/\/api.w.org\/{rel}","templated":true}]}}