{"id":99519,"date":"2021-08-31T08:32:49","date_gmt":"2021-08-31T11:32:49","guid":{"rendered":"https:\/\/acs.org.br\/antigo\/?p=99519"},"modified":"2021-08-31T08:32:49","modified_gmt":"2021-08-31T11:32:49","slug":"economia-orcamento-apertado-devera-ter-ajustes","status":"publish","type":"post","link":"https:\/\/acs.org.br\/academy\/economia-orcamento-apertado-devera-ter-ajustes\/","title":{"rendered":"ECONOMIA: Or\u00e7amento \u2018apertado\u2019 dever\u00e1 ter ajustes"},"content":{"rendered":"<p>Fonte: Valor Econ\u00f4mico<\/p>\n<p>O governo federal envia hoje ao Congresso uma proposta de Or\u00e7amento que comprime fortemente as despesas, o que dever\u00e1 ser modificado futuramente, com o objetivo de sinalizar que o teto de gastos ser\u00e1 respeitado em 2022, ano eleitoral<\/p>\n<p><a href=\"https:\/\/acs.org.br\/antigo\/wp-content\/uploads\/2021\/08\/ECONOMIAVALOR3108-1.pdf\">LEIA MAIS&#8230;<\/a><\/p>\n","protected":false},"excerpt":{"rendered":"<p>Fonte: Valor Econ\u00f4mico O governo federal envia hoje ao Congresso uma proposta de Or\u00e7amento que comprime fortemente as despesas, o que dever\u00e1 ser modificado futuramente, com o objetivo de sinalizar que o teto de gastos ser\u00e1 respeitado em 2022, ano eleitoral LEIA MAIS&#8230;<\/p>\n","protected":false},"author":2,"featured_media":0,"comment_status":"open","ping_status":"open","sticky":false,"template":"","format":"standard","meta":{"footnotes":""},"categories":[105],"tags":[],"_links":{"self":[{"href":"https:\/\/acs.org.br\/academy\/wp-json\/wp\/v2\/posts\/99519"}],"collection":[{"href":"https:\/\/acs.org.br\/academy\/wp-json\/wp\/v2\/posts"}],"about":[{"href":"https:\/\/acs.org.br\/academy\/wp-json\/wp\/v2\/types\/post"}],"author":[{"embeddable":true,"href":"https:\/\/acs.org.br\/academy\/wp-json\/wp\/v2\/users\/2"}],"replies":[{"embeddable":true,"href":"https:\/\/acs.org.br\/academy\/wp-json\/wp\/v2\/comments?post=99519"}],"version-history":[{"count":1,"href":"https:\/\/acs.org.br\/academy\/wp-json\/wp\/v2\/posts\/99519\/revisions"}],"predecessor-version":[{"id":99521,"href":"https:\/\/acs.org.br\/academy\/wp-json\/wp\/v2\/posts\/99519\/revisions\/99521"}],"wp:attachment":[{"href":"https:\/\/acs.org.br\/academy\/wp-json\/wp\/v2\/media?parent=99519"}],"wp:term":[{"taxonomy":"category","embeddable":true,"href":"https:\/\/acs.org.br\/academy\/wp-json\/wp\/v2\/categories?post=99519"},{"taxonomy":"post_tag","embeddable":true,"href":"https:\/\/acs.org.br\/academy\/wp-json\/wp\/v2\/tags?post=99519"}],"curies":[{"name":"wp","href":"https:\/\/api.w.org\/{rel}","templated":true}]}}