{"id":99515,"date":"2021-08-31T08:32:06","date_gmt":"2021-08-31T11:32:06","guid":{"rendered":"https:\/\/acs.org.br\/antigo\/?p=99515"},"modified":"2021-08-31T08:32:06","modified_gmt":"2021-08-31T11:32:06","slug":"agronegocio-exportadores-cobram-acao-do-governo-contra-apagao-de-conteineres","status":"publish","type":"post","link":"https:\/\/acs.org.br\/academy\/agronegocio-exportadores-cobram-acao-do-governo-contra-apagao-de-conteineres\/","title":{"rendered":"AGRONEG\u00d3CIO: Exportadores cobram a\u00e7\u00e3o do governo contra \u201capag\u00e3o\u201d de cont\u00eaineres"},"content":{"rendered":"<p>Fonte: Valor Econ\u00f4mico<\/p>\n<p>Os exportadores do agroneg\u00f3cio brasileiro cobram uma maior participa\u00e7\u00e3o do governo federal no debate de solu\u00e7\u00f5es para o \u201capag\u00e3o\u201d de cont\u00eaineres que o setor encara em meio \u00e0 pandemia de covid-19.<\/p>\n<p><a href=\"https:\/\/acs.org.br\/antigo\/wp-content\/uploads\/2021\/08\/EXPORTADORES3108.pdf\">LEIA MAIS&#8230;<\/a><\/p>\n","protected":false},"excerpt":{"rendered":"<p>Fonte: Valor Econ\u00f4mico Os exportadores do agroneg\u00f3cio brasileiro cobram uma maior participa\u00e7\u00e3o do governo federal no debate de solu\u00e7\u00f5es para o \u201capag\u00e3o\u201d de cont\u00eaineres que o setor encara em meio \u00e0 pandemia de covid-19. LEIA MAIS&#8230;<\/p>\n","protected":false},"author":2,"featured_media":0,"comment_status":"open","ping_status":"open","sticky":false,"template":"","format":"standard","meta":{"footnotes":""},"categories":[105],"tags":[],"_links":{"self":[{"href":"https:\/\/acs.org.br\/academy\/wp-json\/wp\/v2\/posts\/99515"}],"collection":[{"href":"https:\/\/acs.org.br\/academy\/wp-json\/wp\/v2\/posts"}],"about":[{"href":"https:\/\/acs.org.br\/academy\/wp-json\/wp\/v2\/types\/post"}],"author":[{"embeddable":true,"href":"https:\/\/acs.org.br\/academy\/wp-json\/wp\/v2\/users\/2"}],"replies":[{"embeddable":true,"href":"https:\/\/acs.org.br\/academy\/wp-json\/wp\/v2\/comments?post=99515"}],"version-history":[{"count":1,"href":"https:\/\/acs.org.br\/academy\/wp-json\/wp\/v2\/posts\/99515\/revisions"}],"predecessor-version":[{"id":99518,"href":"https:\/\/acs.org.br\/academy\/wp-json\/wp\/v2\/posts\/99515\/revisions\/99518"}],"wp:attachment":[{"href":"https:\/\/acs.org.br\/academy\/wp-json\/wp\/v2\/media?parent=99515"}],"wp:term":[{"taxonomy":"category","embeddable":true,"href":"https:\/\/acs.org.br\/academy\/wp-json\/wp\/v2\/categories?post=99515"},{"taxonomy":"post_tag","embeddable":true,"href":"https:\/\/acs.org.br\/academy\/wp-json\/wp\/v2\/tags?post=99515"}],"curies":[{"name":"wp","href":"https:\/\/api.w.org\/{rel}","templated":true}]}}