{"id":99511,"date":"2021-08-31T08:29:37","date_gmt":"2021-08-31T11:29:37","guid":{"rendered":"https:\/\/acs.org.br\/antigo\/?p=99511"},"modified":"2021-08-31T08:29:49","modified_gmt":"2021-08-31T11:29:49","slug":"porto-interdicao-da-perimetral-comecara-nesta-3a-feira","status":"publish","type":"post","link":"https:\/\/acs.org.br\/academy\/porto-interdicao-da-perimetral-comecara-nesta-3a-feira\/","title":{"rendered":"PORTO: Interdi\u00e7\u00e3o da Perimetral come\u00e7ar\u00e1 nesta 3a-feira"},"content":{"rendered":"<p>Fonte: A Tribuna<\/p>\n<p>A interdi\u00e7\u00e3o parcial da Avenida Perimetral da Margem Direita do Porto de Santos, na regi\u00e3o central, entrar\u00e1 em vigor apenas hoje.<\/p>\n<p><a href=\"https:\/\/acs.org.br\/antigo\/wp-content\/uploads\/2021\/08\/PORTO3108_02.pdf\">LEIA MAIS&#8230;<\/a><\/p>\n","protected":false},"excerpt":{"rendered":"<p>Fonte: A Tribuna A interdi\u00e7\u00e3o parcial da Avenida Perimetral da Margem Direita do Porto de Santos, na regi\u00e3o central, entrar\u00e1 em vigor apenas hoje. LEIA MAIS&#8230;<\/p>\n","protected":false},"author":2,"featured_media":0,"comment_status":"open","ping_status":"open","sticky":false,"template":"","format":"standard","meta":{"footnotes":""},"categories":[105],"tags":[],"_links":{"self":[{"href":"https:\/\/acs.org.br\/academy\/wp-json\/wp\/v2\/posts\/99511"}],"collection":[{"href":"https:\/\/acs.org.br\/academy\/wp-json\/wp\/v2\/posts"}],"about":[{"href":"https:\/\/acs.org.br\/academy\/wp-json\/wp\/v2\/types\/post"}],"author":[{"embeddable":true,"href":"https:\/\/acs.org.br\/academy\/wp-json\/wp\/v2\/users\/2"}],"replies":[{"embeddable":true,"href":"https:\/\/acs.org.br\/academy\/wp-json\/wp\/v2\/comments?post=99511"}],"version-history":[{"count":2,"href":"https:\/\/acs.org.br\/academy\/wp-json\/wp\/v2\/posts\/99511\/revisions"}],"predecessor-version":[{"id":99514,"href":"https:\/\/acs.org.br\/academy\/wp-json\/wp\/v2\/posts\/99511\/revisions\/99514"}],"wp:attachment":[{"href":"https:\/\/acs.org.br\/academy\/wp-json\/wp\/v2\/media?parent=99511"}],"wp:term":[{"taxonomy":"category","embeddable":true,"href":"https:\/\/acs.org.br\/academy\/wp-json\/wp\/v2\/categories?post=99511"},{"taxonomy":"post_tag","embeddable":true,"href":"https:\/\/acs.org.br\/academy\/wp-json\/wp\/v2\/tags?post=99511"}],"curies":[{"name":"wp","href":"https:\/\/api.w.org\/{rel}","templated":true}]}}