{"id":99497,"date":"2021-08-30T10:33:59","date_gmt":"2021-08-30T13:33:59","guid":{"rendered":"https:\/\/acs.org.br\/antigo\/?p=99497"},"modified":"2021-08-30T10:33:59","modified_gmt":"2021-08-30T13:33:59","slug":"cafe-frente-fria-e-alta-nos-precos-do-cafe-encerram-a-quarta-semana-de-agosto","status":"publish","type":"post","link":"https:\/\/acs.org.br\/academy\/cafe-frente-fria-e-alta-nos-precos-do-cafe-encerram-a-quarta-semana-de-agosto\/","title":{"rendered":"CAF\u00c9: Frente fria e alta nos pre\u00e7os do caf\u00e9 encerram a quarta semana de agosto"},"content":{"rendered":"<p>Fonte: Caf\u00e9 Point<\/p>\n<p>A semana de 23 a 27 de agosto encerra com os contratos futuros de caf\u00e9 na Bolsa de Nova York sustentado por fatores fundamentais altistas (bullish) e por indicadores t\u00e9cnicos positivos. O d\u00f3lar ganhou for\u00e7a frente a maioria das demais moedas, inclusive ao real, e \u00e0 vista subiu 0,87%, encerrando a sess\u00e3o de quinta-feira (26) a R$ 5,256.<\/p>\n<p><a href=\"https:\/\/www.cafepoint.com.br\/noticias\/giro-de-noticias\/frente-fria-e-alta-nos-precos-do-cafe-encerram-a-quarta-semana-de-agosto-227017\/\">LEIA MAIS&#8230;<\/a><\/p>\n<p>&nbsp;<\/p>\n","protected":false},"excerpt":{"rendered":"<p>Fonte: Caf\u00e9 Point A semana de 23 a 27 de agosto encerra com os contratos futuros de caf\u00e9 na Bolsa de Nova York sustentado por fatores fundamentais altistas (bullish) e por indicadores t\u00e9cnicos positivos. O d\u00f3lar ganhou for\u00e7a frente a maioria das demais moedas, inclusive ao real, e \u00e0 vista subiu 0,87%, encerrando a sess\u00e3o [&hellip;]<\/p>\n","protected":false},"author":3,"featured_media":0,"comment_status":"open","ping_status":"open","sticky":false,"template":"","format":"standard","meta":{"footnotes":""},"categories":[105],"tags":[],"_links":{"self":[{"href":"https:\/\/acs.org.br\/academy\/wp-json\/wp\/v2\/posts\/99497"}],"collection":[{"href":"https:\/\/acs.org.br\/academy\/wp-json\/wp\/v2\/posts"}],"about":[{"href":"https:\/\/acs.org.br\/academy\/wp-json\/wp\/v2\/types\/post"}],"author":[{"embeddable":true,"href":"https:\/\/acs.org.br\/academy\/wp-json\/wp\/v2\/users\/3"}],"replies":[{"embeddable":true,"href":"https:\/\/acs.org.br\/academy\/wp-json\/wp\/v2\/comments?post=99497"}],"version-history":[{"count":1,"href":"https:\/\/acs.org.br\/academy\/wp-json\/wp\/v2\/posts\/99497\/revisions"}],"predecessor-version":[{"id":99498,"href":"https:\/\/acs.org.br\/academy\/wp-json\/wp\/v2\/posts\/99497\/revisions\/99498"}],"wp:attachment":[{"href":"https:\/\/acs.org.br\/academy\/wp-json\/wp\/v2\/media?parent=99497"}],"wp:term":[{"taxonomy":"category","embeddable":true,"href":"https:\/\/acs.org.br\/academy\/wp-json\/wp\/v2\/categories?post=99497"},{"taxonomy":"post_tag","embeddable":true,"href":"https:\/\/acs.org.br\/academy\/wp-json\/wp\/v2\/tags?post=99497"}],"curies":[{"name":"wp","href":"https:\/\/api.w.org\/{rel}","templated":true}]}}