{"id":99486,"date":"2021-08-30T09:40:58","date_gmt":"2021-08-30T12:40:58","guid":{"rendered":"https:\/\/acs.org.br\/antigo\/?p=99486"},"modified":"2021-08-30T09:40:58","modified_gmt":"2021-08-30T12:40:58","slug":"economia-mercado-projeta-inflacao-de-727-e-avanco-menor-do-pib-em-2021-mostra-focus","status":"publish","type":"post","link":"https:\/\/acs.org.br\/academy\/economia-mercado-projeta-inflacao-de-727-e-avanco-menor-do-pib-em-2021-mostra-focus\/","title":{"rendered":"ECONOMIA: Mercado projeta infla\u00e7\u00e3o de 7,27% e avan\u00e7o menor do PIB em 2021, mostra Focus"},"content":{"rendered":"<p>Fonte: Valor Econ\u00f4mico<\/p>\n<p>A mediana das proje\u00e7\u00f5es dos economistas do mercado para o \u00cdndice Nacional de Pre\u00e7os ao Consumidor Amplo (IPCA) em 2021 subiu pela 21\u00aa semana consecutiva, agora de 7,11% para 7,27%, segundo o Relat\u00f3rio Focus, do Banco Central (BC), divulgado nesta segunda-feira com estimativas coletadas at\u00e9 a \u00faltima sexta-feira.<\/p>\n<p><a href=\"https:\/\/acs.org.br\/antigo\/wp-content\/uploads\/2021\/08\/FOCUS....pdf\">LEIA MAIS&#8230;<\/a><\/p>\n","protected":false},"excerpt":{"rendered":"<p>Fonte: Valor Econ\u00f4mico A mediana das proje\u00e7\u00f5es dos economistas do mercado para o \u00cdndice Nacional de Pre\u00e7os ao Consumidor Amplo (IPCA) em 2021 subiu pela 21\u00aa semana consecutiva, agora de 7,11% para 7,27%, segundo o Relat\u00f3rio Focus, do Banco Central (BC), divulgado nesta segunda-feira com estimativas coletadas at\u00e9 a \u00faltima sexta-feira. LEIA MAIS&#8230;<\/p>\n","protected":false},"author":3,"featured_media":0,"comment_status":"open","ping_status":"open","sticky":false,"template":"","format":"standard","meta":{"footnotes":""},"categories":[105],"tags":[],"_links":{"self":[{"href":"https:\/\/acs.org.br\/academy\/wp-json\/wp\/v2\/posts\/99486"}],"collection":[{"href":"https:\/\/acs.org.br\/academy\/wp-json\/wp\/v2\/posts"}],"about":[{"href":"https:\/\/acs.org.br\/academy\/wp-json\/wp\/v2\/types\/post"}],"author":[{"embeddable":true,"href":"https:\/\/acs.org.br\/academy\/wp-json\/wp\/v2\/users\/3"}],"replies":[{"embeddable":true,"href":"https:\/\/acs.org.br\/academy\/wp-json\/wp\/v2\/comments?post=99486"}],"version-history":[{"count":1,"href":"https:\/\/acs.org.br\/academy\/wp-json\/wp\/v2\/posts\/99486\/revisions"}],"predecessor-version":[{"id":99488,"href":"https:\/\/acs.org.br\/academy\/wp-json\/wp\/v2\/posts\/99486\/revisions\/99488"}],"wp:attachment":[{"href":"https:\/\/acs.org.br\/academy\/wp-json\/wp\/v2\/media?parent=99486"}],"wp:term":[{"taxonomy":"category","embeddable":true,"href":"https:\/\/acs.org.br\/academy\/wp-json\/wp\/v2\/categories?post=99486"},{"taxonomy":"post_tag","embeddable":true,"href":"https:\/\/acs.org.br\/academy\/wp-json\/wp\/v2\/tags?post=99486"}],"curies":[{"name":"wp","href":"https:\/\/api.w.org\/{rel}","templated":true}]}}