{"id":99481,"date":"2021-08-30T09:23:39","date_gmt":"2021-08-30T12:23:39","guid":{"rendered":"https:\/\/acs.org.br\/antigo\/?p=99481"},"modified":"2021-08-30T09:23:39","modified_gmt":"2021-08-30T12:23:39","slug":"economia-inflacao-medida-pelo-igp-m-desacelera-em-agosto-mas-acumula-avanco-de-3112-em-12-meses","status":"publish","type":"post","link":"https:\/\/acs.org.br\/academy\/economia-inflacao-medida-pelo-igp-m-desacelera-em-agosto-mas-acumula-avanco-de-3112-em-12-meses\/","title":{"rendered":"ECONOMIA: Infla\u00e7\u00e3o medida pelo IGP-M desacelera em agosto, mas acumula avan\u00e7o de 31,12% em 12 meses"},"content":{"rendered":"<p>Fonte: G1<\/p>\n<p>O \u00cdndice Geral de Pre\u00e7os \u2013 Mercado (IGP-M) ficou em 0,66% em agosto, ante avan\u00e7o de 0,78% em julho, informou nesta segunda-feira (30) a Funda\u00e7\u00e3o Getulio Vargas. Com o resultado, passou a acumular alta de 16,75% no ano e de 31,12% em 12 meses.<\/p>\n<p><a href=\"https:\/\/g1.globo.com\/economia\/noticia\/2021\/08\/30\/inflacao-medida-pelo-igp-m-fica-em-066percent-em-agosto.ghtml\">LEIA MAIS&#8230;<\/a><\/p>\n<p>&nbsp;<\/p>\n","protected":false},"excerpt":{"rendered":"<p>Fonte: G1 O \u00cdndice Geral de Pre\u00e7os \u2013 Mercado (IGP-M) ficou em 0,66% em agosto, ante avan\u00e7o de 0,78% em julho, informou nesta segunda-feira (30) a Funda\u00e7\u00e3o Getulio Vargas. Com o resultado, passou a acumular alta de 16,75% no ano e de 31,12% em 12 meses. LEIA MAIS&#8230; &nbsp;<\/p>\n","protected":false},"author":3,"featured_media":0,"comment_status":"open","ping_status":"open","sticky":false,"template":"","format":"standard","meta":{"footnotes":""},"categories":[105],"tags":[],"_links":{"self":[{"href":"https:\/\/acs.org.br\/academy\/wp-json\/wp\/v2\/posts\/99481"}],"collection":[{"href":"https:\/\/acs.org.br\/academy\/wp-json\/wp\/v2\/posts"}],"about":[{"href":"https:\/\/acs.org.br\/academy\/wp-json\/wp\/v2\/types\/post"}],"author":[{"embeddable":true,"href":"https:\/\/acs.org.br\/academy\/wp-json\/wp\/v2\/users\/3"}],"replies":[{"embeddable":true,"href":"https:\/\/acs.org.br\/academy\/wp-json\/wp\/v2\/comments?post=99481"}],"version-history":[{"count":1,"href":"https:\/\/acs.org.br\/academy\/wp-json\/wp\/v2\/posts\/99481\/revisions"}],"predecessor-version":[{"id":99482,"href":"https:\/\/acs.org.br\/academy\/wp-json\/wp\/v2\/posts\/99481\/revisions\/99482"}],"wp:attachment":[{"href":"https:\/\/acs.org.br\/academy\/wp-json\/wp\/v2\/media?parent=99481"}],"wp:term":[{"taxonomy":"category","embeddable":true,"href":"https:\/\/acs.org.br\/academy\/wp-json\/wp\/v2\/categories?post=99481"},{"taxonomy":"post_tag","embeddable":true,"href":"https:\/\/acs.org.br\/academy\/wp-json\/wp\/v2\/tags?post=99481"}],"curies":[{"name":"wp","href":"https:\/\/api.w.org\/{rel}","templated":true}]}}