{"id":99478,"date":"2021-08-30T09:08:46","date_gmt":"2021-08-30T12:08:46","guid":{"rendered":"https:\/\/acs.org.br\/antigo\/?p=99478"},"modified":"2021-08-30T09:19:42","modified_gmt":"2021-08-30T12:19:42","slug":"economia-aeroporto-de-viracopos-tem-alta-de-5187-de-carga-nos-primeiros-setes-meses-de-2021","status":"publish","type":"post","link":"https:\/\/acs.org.br\/academy\/economia-aeroporto-de-viracopos-tem-alta-de-5187-de-carga-nos-primeiros-setes-meses-de-2021\/","title":{"rendered":"COM\u00c9RCIO EXTERIOR: Aeroporto de Viracopos tem alta de 51,87% de carga nos primeiros setes meses de 2021"},"content":{"rendered":"<p>Fonte: Informativo Portu\u00e1rio<\/p>\n<p>O Aeroporto Internacional de Viracopos registrou alta de 51,87% no total de carga movimentada, em toneladas, nos primeiros sete meses de 2021 em rela\u00e7\u00e3o ao mesmo m\u00eas do ano passado. Os dados indicam que o aeroporto teve os melhores sete meses desde o in\u00edcio da concess\u00e3o, em 2013.<\/p>\n<p><a href=\"https:\/\/www.informativodosportos.com.br\/aeroporto-de-viracopos-tem-alta-de-5187-de-carga-nos-primeiros-setes-meses-de-2021\/\">LEIA MAIS&#8230;<\/a><\/p>\n","protected":false},"excerpt":{"rendered":"<p>Fonte: Informativo Portu\u00e1rio O Aeroporto Internacional de Viracopos registrou alta de 51,87% no total de carga movimentada, em toneladas, nos primeiros sete meses de 2021 em rela\u00e7\u00e3o ao mesmo m\u00eas do ano passado. Os dados indicam que o aeroporto teve os melhores sete meses desde o in\u00edcio da concess\u00e3o, em 2013. LEIA MAIS&#8230;<\/p>\n","protected":false},"author":3,"featured_media":0,"comment_status":"open","ping_status":"open","sticky":false,"template":"","format":"standard","meta":{"footnotes":""},"categories":[105],"tags":[],"_links":{"self":[{"href":"https:\/\/acs.org.br\/academy\/wp-json\/wp\/v2\/posts\/99478"}],"collection":[{"href":"https:\/\/acs.org.br\/academy\/wp-json\/wp\/v2\/posts"}],"about":[{"href":"https:\/\/acs.org.br\/academy\/wp-json\/wp\/v2\/types\/post"}],"author":[{"embeddable":true,"href":"https:\/\/acs.org.br\/academy\/wp-json\/wp\/v2\/users\/3"}],"replies":[{"embeddable":true,"href":"https:\/\/acs.org.br\/academy\/wp-json\/wp\/v2\/comments?post=99478"}],"version-history":[{"count":2,"href":"https:\/\/acs.org.br\/academy\/wp-json\/wp\/v2\/posts\/99478\/revisions"}],"predecessor-version":[{"id":99480,"href":"https:\/\/acs.org.br\/academy\/wp-json\/wp\/v2\/posts\/99478\/revisions\/99480"}],"wp:attachment":[{"href":"https:\/\/acs.org.br\/academy\/wp-json\/wp\/v2\/media?parent=99478"}],"wp:term":[{"taxonomy":"category","embeddable":true,"href":"https:\/\/acs.org.br\/academy\/wp-json\/wp\/v2\/categories?post=99478"},{"taxonomy":"post_tag","embeddable":true,"href":"https:\/\/acs.org.br\/academy\/wp-json\/wp\/v2\/tags?post=99478"}],"curies":[{"name":"wp","href":"https:\/\/api.w.org\/{rel}","templated":true}]}}