{"id":99466,"date":"2021-08-30T08:37:37","date_gmt":"2021-08-30T11:37:37","guid":{"rendered":"https:\/\/acs.org.br\/antigo\/?p=99466"},"modified":"2021-08-30T08:37:37","modified_gmt":"2021-08-30T11:37:37","slug":"turismo-otimismo-e-cautela-para-temporada-de-verao","status":"publish","type":"post","link":"https:\/\/acs.org.br\/academy\/turismo-otimismo-e-cautela-para-temporada-de-verao\/","title":{"rendered":"TURISMO: Otimismo e cautela para temporada de ver\u00e3o"},"content":{"rendered":"<p>Fonte: A Tribuna<\/p>\n<p>A temporada de ver\u00e3o 2021\/2022 na Baixada Santista \u00e9 vista com um misto de otimismo e cautela pelos munic\u00edpios e pelos setores de com\u00e9rcio, servi\u00e7os e turismo<\/p>\n<p><a href=\"https:\/\/acs.org.br\/antigo\/wp-content\/uploads\/2021\/08\/TURISMO3008.pdf\">LEIA MAIS&#8230;<\/a><\/p>\n","protected":false},"excerpt":{"rendered":"<p>Fonte: A Tribuna A temporada de ver\u00e3o 2021\/2022 na Baixada Santista \u00e9 vista com um misto de otimismo e cautela pelos munic\u00edpios e pelos setores de com\u00e9rcio, servi\u00e7os e turismo LEIA MAIS&#8230;<\/p>\n","protected":false},"author":2,"featured_media":0,"comment_status":"open","ping_status":"open","sticky":false,"template":"","format":"standard","meta":{"footnotes":""},"categories":[105],"tags":[],"_links":{"self":[{"href":"https:\/\/acs.org.br\/academy\/wp-json\/wp\/v2\/posts\/99466"}],"collection":[{"href":"https:\/\/acs.org.br\/academy\/wp-json\/wp\/v2\/posts"}],"about":[{"href":"https:\/\/acs.org.br\/academy\/wp-json\/wp\/v2\/types\/post"}],"author":[{"embeddable":true,"href":"https:\/\/acs.org.br\/academy\/wp-json\/wp\/v2\/users\/2"}],"replies":[{"embeddable":true,"href":"https:\/\/acs.org.br\/academy\/wp-json\/wp\/v2\/comments?post=99466"}],"version-history":[{"count":1,"href":"https:\/\/acs.org.br\/academy\/wp-json\/wp\/v2\/posts\/99466\/revisions"}],"predecessor-version":[{"id":99467,"href":"https:\/\/acs.org.br\/academy\/wp-json\/wp\/v2\/posts\/99466\/revisions\/99467"}],"wp:attachment":[{"href":"https:\/\/acs.org.br\/academy\/wp-json\/wp\/v2\/media?parent=99466"}],"wp:term":[{"taxonomy":"category","embeddable":true,"href":"https:\/\/acs.org.br\/academy\/wp-json\/wp\/v2\/categories?post=99466"},{"taxonomy":"post_tag","embeddable":true,"href":"https:\/\/acs.org.br\/academy\/wp-json\/wp\/v2\/tags?post=99466"}],"curies":[{"name":"wp","href":"https:\/\/api.w.org\/{rel}","templated":true}]}}