{"id":99464,"date":"2021-08-30T08:37:01","date_gmt":"2021-08-30T11:37:01","guid":{"rendered":"https:\/\/acs.org.br\/antigo\/?p=99464"},"modified":"2021-08-30T08:37:01","modified_gmt":"2021-08-30T11:37:01","slug":"porto-transito-muda-na-area-portuaria","status":"publish","type":"post","link":"https:\/\/acs.org.br\/academy\/porto-transito-muda-na-area-portuaria\/","title":{"rendered":"PORTO: Tr\u00e2nsito muda na \u00e1rea portu\u00e1ria"},"content":{"rendered":"<p>Fonte: A Tribuna<\/p>\n<p>A partir de hoje, o tr\u00e2nsito na regi\u00e3o portu\u00e1ria de Santos, pr\u00f3ximo ao Centro da Cidade,ter\u00e1 uma mudan\u00e7a tempor\u00e1ria na avenida perimetral.<\/p>\n<p><a href=\"https:\/\/acs.org.br\/antigo\/wp-content\/uploads\/2021\/08\/PORTO3008.pdf\">LEIA MAIS&#8230;<\/a><\/p>\n","protected":false},"excerpt":{"rendered":"<p>Fonte: A Tribuna A partir de hoje, o tr\u00e2nsito na regi\u00e3o portu\u00e1ria de Santos, pr\u00f3ximo ao Centro da Cidade,ter\u00e1 uma mudan\u00e7a tempor\u00e1ria na avenida perimetral. LEIA MAIS&#8230;<\/p>\n","protected":false},"author":2,"featured_media":0,"comment_status":"open","ping_status":"open","sticky":false,"template":"","format":"standard","meta":{"footnotes":""},"categories":[105],"tags":[],"_links":{"self":[{"href":"https:\/\/acs.org.br\/academy\/wp-json\/wp\/v2\/posts\/99464"}],"collection":[{"href":"https:\/\/acs.org.br\/academy\/wp-json\/wp\/v2\/posts"}],"about":[{"href":"https:\/\/acs.org.br\/academy\/wp-json\/wp\/v2\/types\/post"}],"author":[{"embeddable":true,"href":"https:\/\/acs.org.br\/academy\/wp-json\/wp\/v2\/users\/2"}],"replies":[{"embeddable":true,"href":"https:\/\/acs.org.br\/academy\/wp-json\/wp\/v2\/comments?post=99464"}],"version-history":[{"count":1,"href":"https:\/\/acs.org.br\/academy\/wp-json\/wp\/v2\/posts\/99464\/revisions"}],"predecessor-version":[{"id":99465,"href":"https:\/\/acs.org.br\/academy\/wp-json\/wp\/v2\/posts\/99464\/revisions\/99465"}],"wp:attachment":[{"href":"https:\/\/acs.org.br\/academy\/wp-json\/wp\/v2\/media?parent=99464"}],"wp:term":[{"taxonomy":"category","embeddable":true,"href":"https:\/\/acs.org.br\/academy\/wp-json\/wp\/v2\/categories?post=99464"},{"taxonomy":"post_tag","embeddable":true,"href":"https:\/\/acs.org.br\/academy\/wp-json\/wp\/v2\/tags?post=99464"}],"curies":[{"name":"wp","href":"https:\/\/api.w.org\/{rel}","templated":true}]}}