{"id":99462,"date":"2021-08-30T08:36:13","date_gmt":"2021-08-30T11:36:13","guid":{"rendered":"https:\/\/acs.org.br\/antigo\/?p=99462"},"modified":"2021-08-30T08:36:27","modified_gmt":"2021-08-30T11:36:27","slug":"porto-cais-santista-tem-dois-navios-em-quarentena","status":"publish","type":"post","link":"https:\/\/acs.org.br\/academy\/porto-cais-santista-tem-dois-navios-em-quarentena\/","title":{"rendered":"PORTO: Cais santista tem dois navios em quarentena"},"content":{"rendered":"<p>Fonte: A Tribuna<\/p>\n<p>Dois navios seguem em quarentena no Porto de Santos, ap\u00f3s a detec\u00e7\u00e3o de casos de covid-19 a bordo.<\/p>\n<p><a href=\"https:\/\/acs.org.br\/antigo\/wp-content\/uploads\/2021\/08\/PORTO2808_02.pdf\">LEIA MAIS&#8230;<\/a><\/p>\n","protected":false},"excerpt":{"rendered":"<p>Fonte: A Tribuna Dois navios seguem em quarentena no Porto de Santos, ap\u00f3s a detec\u00e7\u00e3o de casos de covid-19 a bordo. LEIA MAIS&#8230;<\/p>\n","protected":false},"author":2,"featured_media":0,"comment_status":"open","ping_status":"open","sticky":false,"template":"","format":"standard","meta":{"footnotes":""},"categories":[105],"tags":[],"_links":{"self":[{"href":"https:\/\/acs.org.br\/academy\/wp-json\/wp\/v2\/posts\/99462"}],"collection":[{"href":"https:\/\/acs.org.br\/academy\/wp-json\/wp\/v2\/posts"}],"about":[{"href":"https:\/\/acs.org.br\/academy\/wp-json\/wp\/v2\/types\/post"}],"author":[{"embeddable":true,"href":"https:\/\/acs.org.br\/academy\/wp-json\/wp\/v2\/users\/2"}],"replies":[{"embeddable":true,"href":"https:\/\/acs.org.br\/academy\/wp-json\/wp\/v2\/comments?post=99462"}],"version-history":[{"count":1,"href":"https:\/\/acs.org.br\/academy\/wp-json\/wp\/v2\/posts\/99462\/revisions"}],"predecessor-version":[{"id":99463,"href":"https:\/\/acs.org.br\/academy\/wp-json\/wp\/v2\/posts\/99462\/revisions\/99463"}],"wp:attachment":[{"href":"https:\/\/acs.org.br\/academy\/wp-json\/wp\/v2\/media?parent=99462"}],"wp:term":[{"taxonomy":"category","embeddable":true,"href":"https:\/\/acs.org.br\/academy\/wp-json\/wp\/v2\/categories?post=99462"},{"taxonomy":"post_tag","embeddable":true,"href":"https:\/\/acs.org.br\/academy\/wp-json\/wp\/v2\/tags?post=99462"}],"curies":[{"name":"wp","href":"https:\/\/api.w.org\/{rel}","templated":true}]}}