{"id":99446,"date":"2021-08-27T10:51:56","date_gmt":"2021-08-27T13:51:56","guid":{"rendered":"https:\/\/acs.org.br\/antigo\/?p=99446"},"modified":"2021-08-27T10:51:56","modified_gmt":"2021-08-27T13:51:56","slug":"cafe-governo-considera-positiva-nova-plataforma-para-seguranca-do-mercado-cafeeiro","status":"publish","type":"post","link":"https:\/\/acs.org.br\/academy\/cafe-governo-considera-positiva-nova-plataforma-para-seguranca-do-mercado-cafeeiro\/","title":{"rendered":"CAF\u00c9: Governo considera positiva nova plataforma para seguran\u00e7a do mercado cafeeiro"},"content":{"rendered":"<p>Fonte: Not\u00edcias Agr\u00edcolas<\/p>\n<p>Diante da relev\u00e2ncia e do impacto positivo ocasionado pelo an\u00fancio da parceria com a Serasa Experian para a utiliza\u00e7\u00e3o de uma plataforma que trar\u00e1 mais transpar\u00eancia, seguran\u00e7a e intelig\u00eancia na gest\u00e3o de riscos nas opera\u00e7\u00f5es do mercado cafeeiro, o Conselho dos Exportadores de Caf\u00e9 do Brasil (Cecaf\u00e9) reuniu-se, hoje, de forma virtual, com o Minist\u00e9rio da Agricultura, Pecu\u00e1ria e Abastecimento (Mapa) e representantes da produ\u00e7\u00e3o para apresentar a moderna ferramenta aos representantes do governo federal e da cadeia.<\/p>\n<p><a href=\"https:\/\/www.noticiasagricolas.com.br\/noticias\/cafe\/296173-governo-considera-positiva-nova-plataforma-para-seguranca-do-mercado-cafeeiro.html#.YSjtSrBKjIV\">LEIA MAIS&#8230;<\/a><\/p>\n<p>&nbsp;<\/p>\n","protected":false},"excerpt":{"rendered":"<p>Fonte: Not\u00edcias Agr\u00edcolas Diante da relev\u00e2ncia e do impacto positivo ocasionado pelo an\u00fancio da parceria com a Serasa Experian para a utiliza\u00e7\u00e3o de uma plataforma que trar\u00e1 mais transpar\u00eancia, seguran\u00e7a e intelig\u00eancia na gest\u00e3o de riscos nas opera\u00e7\u00f5es do mercado cafeeiro, o Conselho dos Exportadores de Caf\u00e9 do Brasil (Cecaf\u00e9) reuniu-se, hoje, de forma virtual, [&hellip;]<\/p>\n","protected":false},"author":3,"featured_media":0,"comment_status":"open","ping_status":"open","sticky":false,"template":"","format":"standard","meta":{"footnotes":""},"categories":[105],"tags":[],"_links":{"self":[{"href":"https:\/\/acs.org.br\/academy\/wp-json\/wp\/v2\/posts\/99446"}],"collection":[{"href":"https:\/\/acs.org.br\/academy\/wp-json\/wp\/v2\/posts"}],"about":[{"href":"https:\/\/acs.org.br\/academy\/wp-json\/wp\/v2\/types\/post"}],"author":[{"embeddable":true,"href":"https:\/\/acs.org.br\/academy\/wp-json\/wp\/v2\/users\/3"}],"replies":[{"embeddable":true,"href":"https:\/\/acs.org.br\/academy\/wp-json\/wp\/v2\/comments?post=99446"}],"version-history":[{"count":1,"href":"https:\/\/acs.org.br\/academy\/wp-json\/wp\/v2\/posts\/99446\/revisions"}],"predecessor-version":[{"id":99447,"href":"https:\/\/acs.org.br\/academy\/wp-json\/wp\/v2\/posts\/99446\/revisions\/99447"}],"wp:attachment":[{"href":"https:\/\/acs.org.br\/academy\/wp-json\/wp\/v2\/media?parent=99446"}],"wp:term":[{"taxonomy":"category","embeddable":true,"href":"https:\/\/acs.org.br\/academy\/wp-json\/wp\/v2\/categories?post=99446"},{"taxonomy":"post_tag","embeddable":true,"href":"https:\/\/acs.org.br\/academy\/wp-json\/wp\/v2\/tags?post=99446"}],"curies":[{"name":"wp","href":"https:\/\/api.w.org\/{rel}","templated":true}]}}