{"id":99427,"date":"2021-08-27T09:49:02","date_gmt":"2021-08-27T12:49:02","guid":{"rendered":"https:\/\/acs.org.br\/antigo\/?p=99427"},"modified":"2021-08-27T09:51:00","modified_gmt":"2021-08-27T12:51:00","slug":"porto-movimentacao-de-conteiner-se-aproxima-de-3-milhoes-de-teu-e-deve-bater-recorde-anual-no-porto-de-santos","status":"publish","type":"post","link":"https:\/\/acs.org.br\/academy\/porto-movimentacao-de-conteiner-se-aproxima-de-3-milhoes-de-teu-e-deve-bater-recorde-anual-no-porto-de-santos\/","title":{"rendered":"PORTO: Movimenta\u00e7\u00e3o de cont\u00eainer se aproxima de 3 milh\u00f5es de TEU e deve bater recorde anual no Porto de Santos"},"content":{"rendered":"<p>Fonte: Informativo doa Portos<\/p>\n<p>A opera\u00e7\u00e3o de cont\u00eaineres no Porto de Santos em julho voltou a surpreender, registrando aumento de dois d\u00edgitos (22,9%) ao movimentar 397.314 TEU (unidade padr\u00e3o de um cont\u00eainer de 20 p\u00e9s), elevando o acumulado do ano para 2,8 milh\u00f5es TEU, crescimento de 19,1%. Essa \u00e9 a melhor marca obtida nos meses de julho e no acumulado do ano para a carga.<\/p>\n<p><a href=\"https:\/\/www.informativodosportos.com.br\/movimentacao-de-conteiner-se-aproxima-de-3-milhoes-de-teu-e-deve-bater-recorde-anual-no-porto-de-santos\/\">LEIA MAIS&#8230;<\/a><\/p>\n<p>foto &#8211; Informativo doa Portos<\/p>\n","protected":false},"excerpt":{"rendered":"<p>Fonte: Informativo doa Portos A opera\u00e7\u00e3o de cont\u00eaineres no Porto de Santos em julho voltou a surpreender, registrando aumento de dois d\u00edgitos (22,9%) ao movimentar 397.314 TEU (unidade padr\u00e3o de um cont\u00eainer de 20 p\u00e9s), elevando o acumulado do ano para 2,8 milh\u00f5es TEU, crescimento de 19,1%. Essa \u00e9 a melhor marca obtida nos meses [&hellip;]<\/p>\n","protected":false},"author":3,"featured_media":99428,"comment_status":"open","ping_status":"open","sticky":false,"template":"","format":"standard","meta":{"footnotes":""},"categories":[105],"tags":[],"_links":{"self":[{"href":"https:\/\/acs.org.br\/academy\/wp-json\/wp\/v2\/posts\/99427"}],"collection":[{"href":"https:\/\/acs.org.br\/academy\/wp-json\/wp\/v2\/posts"}],"about":[{"href":"https:\/\/acs.org.br\/academy\/wp-json\/wp\/v2\/types\/post"}],"author":[{"embeddable":true,"href":"https:\/\/acs.org.br\/academy\/wp-json\/wp\/v2\/users\/3"}],"replies":[{"embeddable":true,"href":"https:\/\/acs.org.br\/academy\/wp-json\/wp\/v2\/comments?post=99427"}],"version-history":[{"count":2,"href":"https:\/\/acs.org.br\/academy\/wp-json\/wp\/v2\/posts\/99427\/revisions"}],"predecessor-version":[{"id":99430,"href":"https:\/\/acs.org.br\/academy\/wp-json\/wp\/v2\/posts\/99427\/revisions\/99430"}],"wp:featuredmedia":[{"embeddable":true,"href":"https:\/\/acs.org.br\/academy\/wp-json\/wp\/v2\/media\/99428"}],"wp:attachment":[{"href":"https:\/\/acs.org.br\/academy\/wp-json\/wp\/v2\/media?parent=99427"}],"wp:term":[{"taxonomy":"category","embeddable":true,"href":"https:\/\/acs.org.br\/academy\/wp-json\/wp\/v2\/categories?post=99427"},{"taxonomy":"post_tag","embeddable":true,"href":"https:\/\/acs.org.br\/academy\/wp-json\/wp\/v2\/tags?post=99427"}],"curies":[{"name":"wp","href":"https:\/\/api.w.org\/{rel}","templated":true}]}}