{"id":99422,"date":"2021-08-27T09:18:02","date_gmt":"2021-08-27T12:18:02","guid":{"rendered":"https:\/\/acs.org.br\/antigo\/?p=99422"},"modified":"2021-08-27T09:18:02","modified_gmt":"2021-08-27T12:18:02","slug":"economia-clima-mais-favoravel-devera-permitir-nova-safra-recorde","status":"publish","type":"post","link":"https:\/\/acs.org.br\/academy\/economia-clima-mais-favoravel-devera-permitir-nova-safra-recorde\/","title":{"rendered":"ECONOMIA: Clima mais favor\u00e1vel dever\u00e1 permitir nova safra recorde"},"content":{"rendered":"<p>Fonte: Valor Econ\u00f4mico<\/p>\n<p>Impulsionada pela recupera\u00e7\u00e3o do milho, gra\u00e7as a condi\u00e7\u00f5es clim\u00e1ticas mais favor\u00e1veis, e pelo aumento dos investimentos dos agricultores em suas lavouras diante de pre\u00e7os elevados, a produ\u00e7\u00e3o brasileira de gr\u00e3os dever\u00e1 reencontrar o caminho do crescimento e bater novos recordes hist\u00f3ricos na safra 2021\/22, cujo per\u00edodo de plantio j\u00e1 est\u00e1 na fase inicial.<\/p>\n<p><a href=\"https:\/\/acs.org.br\/antigo\/wp-content\/uploads\/2021\/08\/CLIMA-SAFRA.pdf\">LEIA MAIS&#8230;<\/a><\/p>\n","protected":false},"excerpt":{"rendered":"<p>Fonte: Valor Econ\u00f4mico Impulsionada pela recupera\u00e7\u00e3o do milho, gra\u00e7as a condi\u00e7\u00f5es clim\u00e1ticas mais favor\u00e1veis, e pelo aumento dos investimentos dos agricultores em suas lavouras diante de pre\u00e7os elevados, a produ\u00e7\u00e3o brasileira de gr\u00e3os dever\u00e1 reencontrar o caminho do crescimento e bater novos recordes hist\u00f3ricos na safra 2021\/22, cujo per\u00edodo de plantio j\u00e1 est\u00e1 na fase [&hellip;]<\/p>\n","protected":false},"author":3,"featured_media":0,"comment_status":"open","ping_status":"open","sticky":false,"template":"","format":"standard","meta":{"footnotes":""},"categories":[105],"tags":[],"_links":{"self":[{"href":"https:\/\/acs.org.br\/academy\/wp-json\/wp\/v2\/posts\/99422"}],"collection":[{"href":"https:\/\/acs.org.br\/academy\/wp-json\/wp\/v2\/posts"}],"about":[{"href":"https:\/\/acs.org.br\/academy\/wp-json\/wp\/v2\/types\/post"}],"author":[{"embeddable":true,"href":"https:\/\/acs.org.br\/academy\/wp-json\/wp\/v2\/users\/3"}],"replies":[{"embeddable":true,"href":"https:\/\/acs.org.br\/academy\/wp-json\/wp\/v2\/comments?post=99422"}],"version-history":[{"count":1,"href":"https:\/\/acs.org.br\/academy\/wp-json\/wp\/v2\/posts\/99422\/revisions"}],"predecessor-version":[{"id":99424,"href":"https:\/\/acs.org.br\/academy\/wp-json\/wp\/v2\/posts\/99422\/revisions\/99424"}],"wp:attachment":[{"href":"https:\/\/acs.org.br\/academy\/wp-json\/wp\/v2\/media?parent=99422"}],"wp:term":[{"taxonomy":"category","embeddable":true,"href":"https:\/\/acs.org.br\/academy\/wp-json\/wp\/v2\/categories?post=99422"},{"taxonomy":"post_tag","embeddable":true,"href":"https:\/\/acs.org.br\/academy\/wp-json\/wp\/v2\/tags?post=99422"}],"curies":[{"name":"wp","href":"https:\/\/api.w.org\/{rel}","templated":true}]}}