{"id":99402,"date":"2021-08-26T14:46:15","date_gmt":"2021-08-26T17:46:15","guid":{"rendered":"https:\/\/acs.org.br\/antigo\/?p=99402"},"modified":"2021-08-26T14:50:10","modified_gmt":"2021-08-26T17:50:10","slug":"cafe-museu-do-cafe-de-santos-celebra-99-anos-com-atracoes-gratuitas","status":"publish","type":"post","link":"https:\/\/acs.org.br\/academy\/cafe-museu-do-cafe-de-santos-celebra-99-anos-com-atracoes-gratuitas\/","title":{"rendered":"CAF\u00c9: Museu do Caf\u00e9 de Santos celebra 99 anos com atra\u00e7\u00f5es gratuitas"},"content":{"rendered":"<p>Fonte: A Tribuna online<\/p>\n<p>Para celebrar os 99 anos de patrim\u00f4nio, o Museu do Caf\u00e9 realizar\u00e1 uma s\u00e9rie de atra\u00e7\u00f5es gratuitas, entre os dias 4 e 7 de setembro, seguindo os protocolos sanit\u00e1rios de preven\u00e7\u00e3o \u00e0 covid-19.<\/p>\n<p><a href=\"https:\/\/acs.org.br\/antigo\/wp-content\/uploads\/2021\/08\/MUSEU99.pdf\">LEIA MAIS&#8230;<\/a><\/p>\n<p>&nbsp;<\/p>\n","protected":false},"excerpt":{"rendered":"<p>Fonte: A Tribuna online Para celebrar os 99 anos de patrim\u00f4nio, o Museu do Caf\u00e9 realizar\u00e1 uma s\u00e9rie de atra\u00e7\u00f5es gratuitas, entre os dias 4 e 7 de setembro, seguindo os protocolos sanit\u00e1rios de preven\u00e7\u00e3o \u00e0 covid-19. LEIA MAIS&#8230; &nbsp;<\/p>\n","protected":false},"author":3,"featured_media":0,"comment_status":"open","ping_status":"open","sticky":false,"template":"","format":"standard","meta":{"footnotes":""},"categories":[105],"tags":[],"_links":{"self":[{"href":"https:\/\/acs.org.br\/academy\/wp-json\/wp\/v2\/posts\/99402"}],"collection":[{"href":"https:\/\/acs.org.br\/academy\/wp-json\/wp\/v2\/posts"}],"about":[{"href":"https:\/\/acs.org.br\/academy\/wp-json\/wp\/v2\/types\/post"}],"author":[{"embeddable":true,"href":"https:\/\/acs.org.br\/academy\/wp-json\/wp\/v2\/users\/3"}],"replies":[{"embeddable":true,"href":"https:\/\/acs.org.br\/academy\/wp-json\/wp\/v2\/comments?post=99402"}],"version-history":[{"count":1,"href":"https:\/\/acs.org.br\/academy\/wp-json\/wp\/v2\/posts\/99402\/revisions"}],"predecessor-version":[{"id":99404,"href":"https:\/\/acs.org.br\/academy\/wp-json\/wp\/v2\/posts\/99402\/revisions\/99404"}],"wp:attachment":[{"href":"https:\/\/acs.org.br\/academy\/wp-json\/wp\/v2\/media?parent=99402"}],"wp:term":[{"taxonomy":"category","embeddable":true,"href":"https:\/\/acs.org.br\/academy\/wp-json\/wp\/v2\/categories?post=99402"},{"taxonomy":"post_tag","embeddable":true,"href":"https:\/\/acs.org.br\/academy\/wp-json\/wp\/v2\/tags?post=99402"}],"curies":[{"name":"wp","href":"https:\/\/api.w.org\/{rel}","templated":true}]}}