{"id":99388,"date":"2021-08-26T11:19:51","date_gmt":"2021-08-26T14:19:51","guid":{"rendered":"https:\/\/acs.org.br\/antigo\/?p=99388"},"modified":"2021-08-26T11:19:51","modified_gmt":"2021-08-26T14:19:51","slug":"cafe-queda-na-exportacao-de-cafe-soluvel-faz-abics-acender-sinal-de-alerta","status":"publish","type":"post","link":"https:\/\/acs.org.br\/academy\/cafe-queda-na-exportacao-de-cafe-soluvel-faz-abics-acender-sinal-de-alerta\/","title":{"rendered":"CAF\u00c9: Queda na exporta\u00e7\u00e3o de caf\u00e9 sol\u00favel faz Abics acender sinal de alerta"},"content":{"rendered":"<p>Fonte: Caf\u00e9 Point<\/p>\n<p>A Associa\u00e7\u00e3o Brasileira da Ind\u00fastria de Caf\u00e9 Sol\u00favel (Abics) destaca aten\u00e7\u00e3o diante de um novo panorama de mercado, em que fatores como clima, log\u00edstica, eleva\u00e7\u00e3o de custos e c\u00e2mbio contribuem para perda da exporta\u00e7\u00e3o do sol\u00favel, isso depois de anos como 2019 e 2020 apresentarem recordes no volume da exporta\u00e7\u00e3o.<\/p>\n<p><a href=\"https:\/\/www.cafepoint.com.br\/noticias\/giro-de-noticias\/queda-na-exportacao-de-cafe-soluvel-faz-abics-acender-sinal-de-alerta-226975\/\">LEIA MAIS&#8230;<\/a><\/p>\n<p>&nbsp;<\/p>\n","protected":false},"excerpt":{"rendered":"<p>Fonte: Caf\u00e9 Point A Associa\u00e7\u00e3o Brasileira da Ind\u00fastria de Caf\u00e9 Sol\u00favel (Abics) destaca aten\u00e7\u00e3o diante de um novo panorama de mercado, em que fatores como clima, log\u00edstica, eleva\u00e7\u00e3o de custos e c\u00e2mbio contribuem para perda da exporta\u00e7\u00e3o do sol\u00favel, isso depois de anos como 2019 e 2020 apresentarem recordes no volume da exporta\u00e7\u00e3o. LEIA MAIS&#8230; [&hellip;]<\/p>\n","protected":false},"author":3,"featured_media":0,"comment_status":"open","ping_status":"open","sticky":false,"template":"","format":"standard","meta":{"footnotes":""},"categories":[105],"tags":[],"_links":{"self":[{"href":"https:\/\/acs.org.br\/academy\/wp-json\/wp\/v2\/posts\/99388"}],"collection":[{"href":"https:\/\/acs.org.br\/academy\/wp-json\/wp\/v2\/posts"}],"about":[{"href":"https:\/\/acs.org.br\/academy\/wp-json\/wp\/v2\/types\/post"}],"author":[{"embeddable":true,"href":"https:\/\/acs.org.br\/academy\/wp-json\/wp\/v2\/users\/3"}],"replies":[{"embeddable":true,"href":"https:\/\/acs.org.br\/academy\/wp-json\/wp\/v2\/comments?post=99388"}],"version-history":[{"count":1,"href":"https:\/\/acs.org.br\/academy\/wp-json\/wp\/v2\/posts\/99388\/revisions"}],"predecessor-version":[{"id":99389,"href":"https:\/\/acs.org.br\/academy\/wp-json\/wp\/v2\/posts\/99388\/revisions\/99389"}],"wp:attachment":[{"href":"https:\/\/acs.org.br\/academy\/wp-json\/wp\/v2\/media?parent=99388"}],"wp:term":[{"taxonomy":"category","embeddable":true,"href":"https:\/\/acs.org.br\/academy\/wp-json\/wp\/v2\/categories?post=99388"},{"taxonomy":"post_tag","embeddable":true,"href":"https:\/\/acs.org.br\/academy\/wp-json\/wp\/v2\/tags?post=99388"}],"curies":[{"name":"wp","href":"https:\/\/api.w.org\/{rel}","templated":true}]}}