{"id":99384,"date":"2021-08-26T11:08:08","date_gmt":"2021-08-26T14:08:08","guid":{"rendered":"https:\/\/acs.org.br\/antigo\/?p=99384"},"modified":"2021-08-26T11:08:19","modified_gmt":"2021-08-26T14:08:19","slug":"comercio-exterior-cre-do-senado-vai-debater-acordos-comerciais","status":"publish","type":"post","link":"https:\/\/acs.org.br\/academy\/comercio-exterior-cre-do-senado-vai-debater-acordos-comerciais\/","title":{"rendered":"COM\u00c9RCIO EXTERIOR: CRE do Senado vai debater acordos comerciais"},"content":{"rendered":"<p>Fonte: Ag\u00eancia Porto<\/p>\n<p>A Comiss\u00e3o de Rela\u00e7\u00f5es Exteriores e Defesa Nacional (CRE) realiza audi\u00eancia p\u00fablica, nesta quinta-feira (26), a partir da 10h, para debater os acordos comerciais que est\u00e3o em negocia\u00e7\u00e3o pelo pa\u00eds.<\/p>\n<p><a href=\"http:\/\/agenciaporto.com\/cre-do-senado-vai-debater-acordos-comerciais\/\">LEIA MAIS&#8230;<\/a><\/p>\n<p>&nbsp;<\/p>\n","protected":false},"excerpt":{"rendered":"<p>Fonte: Ag\u00eancia Porto A Comiss\u00e3o de Rela\u00e7\u00f5es Exteriores e Defesa Nacional (CRE) realiza audi\u00eancia p\u00fablica, nesta quinta-feira (26), a partir da 10h, para debater os acordos comerciais que est\u00e3o em negocia\u00e7\u00e3o pelo pa\u00eds. LEIA MAIS&#8230; &nbsp;<\/p>\n","protected":false},"author":3,"featured_media":0,"comment_status":"open","ping_status":"open","sticky":false,"template":"","format":"standard","meta":{"footnotes":""},"categories":[105],"tags":[],"_links":{"self":[{"href":"https:\/\/acs.org.br\/academy\/wp-json\/wp\/v2\/posts\/99384"}],"collection":[{"href":"https:\/\/acs.org.br\/academy\/wp-json\/wp\/v2\/posts"}],"about":[{"href":"https:\/\/acs.org.br\/academy\/wp-json\/wp\/v2\/types\/post"}],"author":[{"embeddable":true,"href":"https:\/\/acs.org.br\/academy\/wp-json\/wp\/v2\/users\/3"}],"replies":[{"embeddable":true,"href":"https:\/\/acs.org.br\/academy\/wp-json\/wp\/v2\/comments?post=99384"}],"version-history":[{"count":1,"href":"https:\/\/acs.org.br\/academy\/wp-json\/wp\/v2\/posts\/99384\/revisions"}],"predecessor-version":[{"id":99385,"href":"https:\/\/acs.org.br\/academy\/wp-json\/wp\/v2\/posts\/99384\/revisions\/99385"}],"wp:attachment":[{"href":"https:\/\/acs.org.br\/academy\/wp-json\/wp\/v2\/media?parent=99384"}],"wp:term":[{"taxonomy":"category","embeddable":true,"href":"https:\/\/acs.org.br\/academy\/wp-json\/wp\/v2\/categories?post=99384"},{"taxonomy":"post_tag","embeddable":true,"href":"https:\/\/acs.org.br\/academy\/wp-json\/wp\/v2\/tags?post=99384"}],"curies":[{"name":"wp","href":"https:\/\/api.w.org\/{rel}","templated":true}]}}