{"id":99372,"date":"2021-08-26T10:22:17","date_gmt":"2021-08-26T13:22:17","guid":{"rendered":"https:\/\/acs.org.br\/antigo\/?p=99372"},"modified":"2021-08-26T10:32:08","modified_gmt":"2021-08-26T13:32:08","slug":"porto-disputa-por-conteineres-continuara-a-afetar-o-agro","status":"publish","type":"post","link":"https:\/\/acs.org.br\/academy\/porto-disputa-por-conteineres-continuara-a-afetar-o-agro\/","title":{"rendered":"PORTO: Disputa por cont\u00eaineres continuar\u00e1 a afetar o agro"},"content":{"rendered":"<p>Fonte: Valor Econ\u00f4mico<\/p>\n<p>O cen\u00e1rio global de escassez de navios e cont\u00eaineres para exporta\u00e7\u00e3o e a disparada dos fretes mar\u00edtimos est\u00e3o deixando um gosto amargo de oportunidade perdida para o agroneg\u00f3cio brasileiro.<\/p>\n<p><a href=\"https:\/\/acs.org.br\/antigo\/wp-content\/uploads\/2021\/08\/CONTEINER.pdf\">LEIA MAIS&#8230;<\/a><\/p>\n","protected":false},"excerpt":{"rendered":"<p>Fonte: Valor Econ\u00f4mico O cen\u00e1rio global de escassez de navios e cont\u00eaineres para exporta\u00e7\u00e3o e a disparada dos fretes mar\u00edtimos est\u00e3o deixando um gosto amargo de oportunidade perdida para o agroneg\u00f3cio brasileiro. LEIA MAIS&#8230;<\/p>\n","protected":false},"author":3,"featured_media":99376,"comment_status":"open","ping_status":"open","sticky":false,"template":"","format":"standard","meta":{"footnotes":""},"categories":[105],"tags":[],"_links":{"self":[{"href":"https:\/\/acs.org.br\/academy\/wp-json\/wp\/v2\/posts\/99372"}],"collection":[{"href":"https:\/\/acs.org.br\/academy\/wp-json\/wp\/v2\/posts"}],"about":[{"href":"https:\/\/acs.org.br\/academy\/wp-json\/wp\/v2\/types\/post"}],"author":[{"embeddable":true,"href":"https:\/\/acs.org.br\/academy\/wp-json\/wp\/v2\/users\/3"}],"replies":[{"embeddable":true,"href":"https:\/\/acs.org.br\/academy\/wp-json\/wp\/v2\/comments?post=99372"}],"version-history":[{"count":1,"href":"https:\/\/acs.org.br\/academy\/wp-json\/wp\/v2\/posts\/99372\/revisions"}],"predecessor-version":[{"id":99375,"href":"https:\/\/acs.org.br\/academy\/wp-json\/wp\/v2\/posts\/99372\/revisions\/99375"}],"wp:featuredmedia":[{"embeddable":true,"href":"https:\/\/acs.org.br\/academy\/wp-json\/wp\/v2\/media\/99376"}],"wp:attachment":[{"href":"https:\/\/acs.org.br\/academy\/wp-json\/wp\/v2\/media?parent=99372"}],"wp:term":[{"taxonomy":"category","embeddable":true,"href":"https:\/\/acs.org.br\/academy\/wp-json\/wp\/v2\/categories?post=99372"},{"taxonomy":"post_tag","embeddable":true,"href":"https:\/\/acs.org.br\/academy\/wp-json\/wp\/v2\/tags?post=99372"}],"curies":[{"name":"wp","href":"https:\/\/api.w.org\/{rel}","templated":true}]}}