{"id":99363,"date":"2021-08-26T09:37:56","date_gmt":"2021-08-26T12:37:56","guid":{"rendered":"https:\/\/acs.org.br\/antigo\/?p=99363"},"modified":"2021-08-26T10:12:06","modified_gmt":"2021-08-26T13:12:06","slug":"saude-bpfizer-e-biontech-vao-produzir-vacina-contra-a-covid-19-no-brasil-em-parceria-com-eurofarma","status":"publish","type":"post","link":"https:\/\/acs.org.br\/academy\/saude-bpfizer-e-biontech-vao-produzir-vacina-contra-a-covid-19-no-brasil-em-parceria-com-eurofarma\/","title":{"rendered":"SA\u00daDE: Pfizer e BioNTech v\u00e3o produzir vacina contra a covid-19 no Brasil em parceria com Eurofarma"},"content":{"rendered":"<p>Fonte: Valor Econ\u00f4mico<\/p>\n<p>As farmac\u00eauticas americana Pfizer e alem\u00e3 BioNTech v\u00e3o produzir vacina contra a covid-19 no Brasil em parceria com o laborat\u00f3rio nacional Eurofarma.<\/p>\n<p><a href=\"https:\/\/acs.org.br\/antigo\/wp-content\/uploads\/2021\/08\/PFIZER.pdf\">LEIA MAIS&#8230;<\/a><\/p>\n","protected":false},"excerpt":{"rendered":"<p>Fonte: Valor Econ\u00f4mico As farmac\u00eauticas americana Pfizer e alem\u00e3 BioNTech v\u00e3o produzir vacina contra a covid-19 no Brasil em parceria com o laborat\u00f3rio nacional Eurofarma. LEIA MAIS&#8230;<\/p>\n","protected":false},"author":3,"featured_media":0,"comment_status":"open","ping_status":"open","sticky":false,"template":"","format":"standard","meta":{"footnotes":""},"categories":[105],"tags":[],"_links":{"self":[{"href":"https:\/\/acs.org.br\/academy\/wp-json\/wp\/v2\/posts\/99363"}],"collection":[{"href":"https:\/\/acs.org.br\/academy\/wp-json\/wp\/v2\/posts"}],"about":[{"href":"https:\/\/acs.org.br\/academy\/wp-json\/wp\/v2\/types\/post"}],"author":[{"embeddable":true,"href":"https:\/\/acs.org.br\/academy\/wp-json\/wp\/v2\/users\/3"}],"replies":[{"embeddable":true,"href":"https:\/\/acs.org.br\/academy\/wp-json\/wp\/v2\/comments?post=99363"}],"version-history":[{"count":6,"href":"https:\/\/acs.org.br\/academy\/wp-json\/wp\/v2\/posts\/99363\/revisions"}],"predecessor-version":[{"id":99371,"href":"https:\/\/acs.org.br\/academy\/wp-json\/wp\/v2\/posts\/99363\/revisions\/99371"}],"wp:attachment":[{"href":"https:\/\/acs.org.br\/academy\/wp-json\/wp\/v2\/media?parent=99363"}],"wp:term":[{"taxonomy":"category","embeddable":true,"href":"https:\/\/acs.org.br\/academy\/wp-json\/wp\/v2\/categories?post=99363"},{"taxonomy":"post_tag","embeddable":true,"href":"https:\/\/acs.org.br\/academy\/wp-json\/wp\/v2\/tags?post=99363"}],"curies":[{"name":"wp","href":"https:\/\/api.w.org\/{rel}","templated":true}]}}