{"id":99347,"date":"2021-08-26T08:31:16","date_gmt":"2021-08-26T11:31:16","guid":{"rendered":"https:\/\/acs.org.br\/antigo\/?p=99347"},"modified":"2021-08-26T08:31:16","modified_gmt":"2021-08-26T11:31:16","slug":"porto-privatizacao-do-porto-de-santos-deve-movimentar-r-16-bilhoes","status":"publish","type":"post","link":"https:\/\/acs.org.br\/academy\/porto-privatizacao-do-porto-de-santos-deve-movimentar-r-16-bilhoes\/","title":{"rendered":"PORTO: Privatiza\u00e7\u00e3o do Porto de Santos deve movimentar R$ 16 bilh\u00f5es"},"content":{"rendered":"<p>Fonte: Revista Exame<\/p>\n<p>Prevista para o primeiro semestre do ano que vem, a privatiza\u00e7\u00e3o do porto de Santos, considerado o maior da Am\u00e9rica Latina, deve gerar 16 bilh\u00f5es de reais em investimentos, segundo o Minist\u00e9rio da Infraestrutura.<\/p>\n<p><a href=\"https:\/\/exame.com\/brasil\/privatizacao-do-porto-de-santos-deve-movimentar-r-16-bilhoes\/\">LEIA MAIS&#8230;<\/a><\/p>\n<p>&nbsp;<\/p>\n","protected":false},"excerpt":{"rendered":"<p>Fonte: Revista Exame Prevista para o primeiro semestre do ano que vem, a privatiza\u00e7\u00e3o do porto de Santos, considerado o maior da Am\u00e9rica Latina, deve gerar 16 bilh\u00f5es de reais em investimentos, segundo o Minist\u00e9rio da Infraestrutura. LEIA MAIS&#8230; &nbsp;<\/p>\n","protected":false},"author":2,"featured_media":0,"comment_status":"open","ping_status":"open","sticky":false,"template":"","format":"standard","meta":{"footnotes":""},"categories":[105],"tags":[],"_links":{"self":[{"href":"https:\/\/acs.org.br\/academy\/wp-json\/wp\/v2\/posts\/99347"}],"collection":[{"href":"https:\/\/acs.org.br\/academy\/wp-json\/wp\/v2\/posts"}],"about":[{"href":"https:\/\/acs.org.br\/academy\/wp-json\/wp\/v2\/types\/post"}],"author":[{"embeddable":true,"href":"https:\/\/acs.org.br\/academy\/wp-json\/wp\/v2\/users\/2"}],"replies":[{"embeddable":true,"href":"https:\/\/acs.org.br\/academy\/wp-json\/wp\/v2\/comments?post=99347"}],"version-history":[{"count":1,"href":"https:\/\/acs.org.br\/academy\/wp-json\/wp\/v2\/posts\/99347\/revisions"}],"predecessor-version":[{"id":99348,"href":"https:\/\/acs.org.br\/academy\/wp-json\/wp\/v2\/posts\/99347\/revisions\/99348"}],"wp:attachment":[{"href":"https:\/\/acs.org.br\/academy\/wp-json\/wp\/v2\/media?parent=99347"}],"wp:term":[{"taxonomy":"category","embeddable":true,"href":"https:\/\/acs.org.br\/academy\/wp-json\/wp\/v2\/categories?post=99347"},{"taxonomy":"post_tag","embeddable":true,"href":"https:\/\/acs.org.br\/academy\/wp-json\/wp\/v2\/tags?post=99347"}],"curies":[{"name":"wp","href":"https:\/\/api.w.org\/{rel}","templated":true}]}}