{"id":99344,"date":"2021-08-26T08:30:47","date_gmt":"2021-08-26T11:30:47","guid":{"rendered":"https:\/\/acs.org.br\/antigo\/?p=99344"},"modified":"2021-08-26T08:30:47","modified_gmt":"2021-08-26T11:30:47","slug":"porto-ibama-apreende-carregamento-na-regiao","status":"publish","type":"post","link":"https:\/\/acs.org.br\/academy\/porto-ibama-apreende-carregamento-na-regiao\/","title":{"rendered":"PORTO: Ibama apreende carregamento na regi\u00e3o"},"content":{"rendered":"<p>Fonte: A Tribuna<\/p>\n<p>Uma carga contendo diversos res\u00edduos s\u00f3lidos,como m\u00e1scaras e luvas, foi apreendida no Porto de Santos por risco de contamina\u00e7\u00e3o.<\/p>\n<p><a href=\"https:\/\/acs.org.br\/antigo\/wp-content\/uploads\/2021\/08\/PORTO2608_02.pdf\">LEIA MAIS&#8230;\u00a0<\/a><\/p>\n","protected":false},"excerpt":{"rendered":"<p>Fonte: A Tribuna Uma carga contendo diversos res\u00edduos s\u00f3lidos,como m\u00e1scaras e luvas, foi apreendida no Porto de Santos por risco de contamina\u00e7\u00e3o. LEIA MAIS&#8230;\u00a0<\/p>\n","protected":false},"author":2,"featured_media":0,"comment_status":"open","ping_status":"open","sticky":false,"template":"","format":"standard","meta":{"footnotes":""},"categories":[105],"tags":[],"_links":{"self":[{"href":"https:\/\/acs.org.br\/academy\/wp-json\/wp\/v2\/posts\/99344"}],"collection":[{"href":"https:\/\/acs.org.br\/academy\/wp-json\/wp\/v2\/posts"}],"about":[{"href":"https:\/\/acs.org.br\/academy\/wp-json\/wp\/v2\/types\/post"}],"author":[{"embeddable":true,"href":"https:\/\/acs.org.br\/academy\/wp-json\/wp\/v2\/users\/2"}],"replies":[{"embeddable":true,"href":"https:\/\/acs.org.br\/academy\/wp-json\/wp\/v2\/comments?post=99344"}],"version-history":[{"count":1,"href":"https:\/\/acs.org.br\/academy\/wp-json\/wp\/v2\/posts\/99344\/revisions"}],"predecessor-version":[{"id":99346,"href":"https:\/\/acs.org.br\/academy\/wp-json\/wp\/v2\/posts\/99344\/revisions\/99346"}],"wp:attachment":[{"href":"https:\/\/acs.org.br\/academy\/wp-json\/wp\/v2\/media?parent=99344"}],"wp:term":[{"taxonomy":"category","embeddable":true,"href":"https:\/\/acs.org.br\/academy\/wp-json\/wp\/v2\/categories?post=99344"},{"taxonomy":"post_tag","embeddable":true,"href":"https:\/\/acs.org.br\/academy\/wp-json\/wp\/v2\/tags?post=99344"}],"curies":[{"name":"wp","href":"https:\/\/api.w.org\/{rel}","templated":true}]}}