{"id":99331,"date":"2021-08-25T11:26:20","date_gmt":"2021-08-25T14:26:20","guid":{"rendered":"https:\/\/acs.org.br\/antigo\/?p=99331"},"modified":"2021-08-25T11:26:20","modified_gmt":"2021-08-25T14:26:20","slug":"cafe-brasil-arranca-alguns-cafezais-queimados-por-geadas-graos-podem-ocupar-areas","status":"publish","type":"post","link":"https:\/\/acs.org.br\/academy\/cafe-brasil-arranca-alguns-cafezais-queimados-por-geadas-graos-podem-ocupar-areas\/","title":{"rendered":"CAF\u00c9: Brasil arranca alguns cafezais queimados por geadas; gr\u00e3os podem ocupar \u00e1reas"},"content":{"rendered":"<p>Fonte: G1 \/ Reuters<\/p>\n<p>Produtores de caf\u00e9 atingidos em julho pelas geadas mais severas em 27 anos j\u00e1 est\u00e3o arrancando as lavouras sem chance de recupera\u00e7\u00e3o ou localizadas em \u00e1reas mais baixas e frias, em movimento ainda pontual, mas que indica efeitos do clima para as pr\u00f3ximas safras do Brasil.<\/p>\n<p><a href=\"https:\/\/g1.globo.com\/economia\/agronegocios\/noticia\/2021\/08\/25\/brasil-arranca-alguns-cafezais-queimados-por-geadas-graos-podem-ocupar-areas.ghtml\">LEIA MAIS&#8230;<\/a><\/p>\n<p>&nbsp;<\/p>\n","protected":false},"excerpt":{"rendered":"<p>Fonte: G1 \/ Reuters Produtores de caf\u00e9 atingidos em julho pelas geadas mais severas em 27 anos j\u00e1 est\u00e3o arrancando as lavouras sem chance de recupera\u00e7\u00e3o ou localizadas em \u00e1reas mais baixas e frias, em movimento ainda pontual, mas que indica efeitos do clima para as pr\u00f3ximas safras do Brasil. LEIA MAIS&#8230; &nbsp;<\/p>\n","protected":false},"author":3,"featured_media":0,"comment_status":"open","ping_status":"open","sticky":false,"template":"","format":"standard","meta":{"footnotes":""},"categories":[105],"tags":[],"_links":{"self":[{"href":"https:\/\/acs.org.br\/academy\/wp-json\/wp\/v2\/posts\/99331"}],"collection":[{"href":"https:\/\/acs.org.br\/academy\/wp-json\/wp\/v2\/posts"}],"about":[{"href":"https:\/\/acs.org.br\/academy\/wp-json\/wp\/v2\/types\/post"}],"author":[{"embeddable":true,"href":"https:\/\/acs.org.br\/academy\/wp-json\/wp\/v2\/users\/3"}],"replies":[{"embeddable":true,"href":"https:\/\/acs.org.br\/academy\/wp-json\/wp\/v2\/comments?post=99331"}],"version-history":[{"count":1,"href":"https:\/\/acs.org.br\/academy\/wp-json\/wp\/v2\/posts\/99331\/revisions"}],"predecessor-version":[{"id":99332,"href":"https:\/\/acs.org.br\/academy\/wp-json\/wp\/v2\/posts\/99331\/revisions\/99332"}],"wp:attachment":[{"href":"https:\/\/acs.org.br\/academy\/wp-json\/wp\/v2\/media?parent=99331"}],"wp:term":[{"taxonomy":"category","embeddable":true,"href":"https:\/\/acs.org.br\/academy\/wp-json\/wp\/v2\/categories?post=99331"},{"taxonomy":"post_tag","embeddable":true,"href":"https:\/\/acs.org.br\/academy\/wp-json\/wp\/v2\/tags?post=99331"}],"curies":[{"name":"wp","href":"https:\/\/api.w.org\/{rel}","templated":true}]}}