{"id":99329,"date":"2021-08-25T11:20:09","date_gmt":"2021-08-25T14:20:09","guid":{"rendered":"https:\/\/acs.org.br\/antigo\/?p=99329"},"modified":"2021-08-25T11:20:09","modified_gmt":"2021-08-25T14:20:09","slug":"saude-queiroga-anuncia-3a-dose-para-idosos-e-imunossuprimidos-a-partir-de-15-de-setembro","status":"publish","type":"post","link":"https:\/\/acs.org.br\/academy\/saude-queiroga-anuncia-3a-dose-para-idosos-e-imunossuprimidos-a-partir-de-15-de-setembro\/","title":{"rendered":"SA\u00daDE: Queiroga anuncia 3\u00aa dose para idosos e imunossuprimidos a partir de 15 de setembro"},"content":{"rendered":"<p>Fonte: CNN Brasil<\/p>\n<p>O ministro da Sa\u00fade, Marcelo Queiroga, anunciou na noite dessa ter\u00e7a-feira (24) que a partir do dia 15 de setembro ser\u00e1 aplicada uma dose de refor\u00e7o da vacina contra a Covid-19 em idosos com mais de 70 anos e pessoas imunossuprimidas (transplantadas recentemente, com c\u00e2ncer, queimaduras graves, etc) que tomaram a segunda dose da vacina h\u00e1 pelo menos seis meses.<\/p>\n<p><a href=\"https:\/\/www.cnnbrasil.com.br\/saude\/queiroga-anuncia-3a-dose-para-idosos-e-imunossuprimidos-a-partir-de-15-de-setembro\/\">LEIA MAIS&#8230;<\/a><\/p>\n","protected":false},"excerpt":{"rendered":"<p>Fonte: CNN Brasil O ministro da Sa\u00fade, Marcelo Queiroga, anunciou na noite dessa ter\u00e7a-feira (24) que a partir do dia 15 de setembro ser\u00e1 aplicada uma dose de refor\u00e7o da vacina contra a Covid-19 em idosos com mais de 70 anos e pessoas imunossuprimidas (transplantadas recentemente, com c\u00e2ncer, queimaduras graves, etc) que tomaram a segunda [&hellip;]<\/p>\n","protected":false},"author":3,"featured_media":0,"comment_status":"open","ping_status":"open","sticky":false,"template":"","format":"standard","meta":{"footnotes":""},"categories":[105],"tags":[],"_links":{"self":[{"href":"https:\/\/acs.org.br\/academy\/wp-json\/wp\/v2\/posts\/99329"}],"collection":[{"href":"https:\/\/acs.org.br\/academy\/wp-json\/wp\/v2\/posts"}],"about":[{"href":"https:\/\/acs.org.br\/academy\/wp-json\/wp\/v2\/types\/post"}],"author":[{"embeddable":true,"href":"https:\/\/acs.org.br\/academy\/wp-json\/wp\/v2\/users\/3"}],"replies":[{"embeddable":true,"href":"https:\/\/acs.org.br\/academy\/wp-json\/wp\/v2\/comments?post=99329"}],"version-history":[{"count":1,"href":"https:\/\/acs.org.br\/academy\/wp-json\/wp\/v2\/posts\/99329\/revisions"}],"predecessor-version":[{"id":99330,"href":"https:\/\/acs.org.br\/academy\/wp-json\/wp\/v2\/posts\/99329\/revisions\/99330"}],"wp:attachment":[{"href":"https:\/\/acs.org.br\/academy\/wp-json\/wp\/v2\/media?parent=99329"}],"wp:term":[{"taxonomy":"category","embeddable":true,"href":"https:\/\/acs.org.br\/academy\/wp-json\/wp\/v2\/categories?post=99329"},{"taxonomy":"post_tag","embeddable":true,"href":"https:\/\/acs.org.br\/academy\/wp-json\/wp\/v2\/tags?post=99329"}],"curies":[{"name":"wp","href":"https:\/\/api.w.org\/{rel}","templated":true}]}}