{"id":99322,"date":"2021-08-25T10:47:10","date_gmt":"2021-08-25T13:47:10","guid":{"rendered":"https:\/\/acs.org.br\/antigo\/?p=99322"},"modified":"2021-08-25T10:47:10","modified_gmt":"2021-08-25T13:47:10","slug":"saude-oms-casos-de-covid-19-se-estabilizam-mundialmente-apos-dois-meses-de-crescimento","status":"publish","type":"post","link":"https:\/\/acs.org.br\/academy\/saude-oms-casos-de-covid-19-se-estabilizam-mundialmente-apos-dois-meses-de-crescimento\/","title":{"rendered":"SA\u00daDE: OMS: casos de Covid-19 se estabilizam mundialmente ap\u00f3s dois meses de crescimento"},"content":{"rendered":"<p>Fonte: CNN Brasil<\/p>\n<p>O n\u00famero de novos casos de Covid-19 relatados globalmente \u201cparece ter atingido um plat\u00f4\u201d depois de aumentar por quase dois meses, disse a Organiza\u00e7\u00e3o Mundial da Sa\u00fade (OMS).<\/p>\n<p><a href=\"https:\/\/www.cnnbrasil.com.br\/saude\/oms-casos-de-covid-19-estabilizam-mundialmente-apos-dois-meses-de-crescimento\/\">LEIA MAIS&#8230;<\/a><\/p>\n","protected":false},"excerpt":{"rendered":"<p>Fonte: CNN Brasil O n\u00famero de novos casos de Covid-19 relatados globalmente \u201cparece ter atingido um plat\u00f4\u201d depois de aumentar por quase dois meses, disse a Organiza\u00e7\u00e3o Mundial da Sa\u00fade (OMS). LEIA MAIS&#8230;<\/p>\n","protected":false},"author":3,"featured_media":0,"comment_status":"open","ping_status":"open","sticky":false,"template":"","format":"standard","meta":{"footnotes":""},"categories":[105],"tags":[],"_links":{"self":[{"href":"https:\/\/acs.org.br\/academy\/wp-json\/wp\/v2\/posts\/99322"}],"collection":[{"href":"https:\/\/acs.org.br\/academy\/wp-json\/wp\/v2\/posts"}],"about":[{"href":"https:\/\/acs.org.br\/academy\/wp-json\/wp\/v2\/types\/post"}],"author":[{"embeddable":true,"href":"https:\/\/acs.org.br\/academy\/wp-json\/wp\/v2\/users\/3"}],"replies":[{"embeddable":true,"href":"https:\/\/acs.org.br\/academy\/wp-json\/wp\/v2\/comments?post=99322"}],"version-history":[{"count":1,"href":"https:\/\/acs.org.br\/academy\/wp-json\/wp\/v2\/posts\/99322\/revisions"}],"predecessor-version":[{"id":99323,"href":"https:\/\/acs.org.br\/academy\/wp-json\/wp\/v2\/posts\/99322\/revisions\/99323"}],"wp:attachment":[{"href":"https:\/\/acs.org.br\/academy\/wp-json\/wp\/v2\/media?parent=99322"}],"wp:term":[{"taxonomy":"category","embeddable":true,"href":"https:\/\/acs.org.br\/academy\/wp-json\/wp\/v2\/categories?post=99322"},{"taxonomy":"post_tag","embeddable":true,"href":"https:\/\/acs.org.br\/academy\/wp-json\/wp\/v2\/tags?post=99322"}],"curies":[{"name":"wp","href":"https:\/\/api.w.org\/{rel}","templated":true}]}}