{"id":99319,"date":"2021-08-25T10:32:53","date_gmt":"2021-08-25T13:32:53","guid":{"rendered":"https:\/\/acs.org.br\/antigo\/?p=99319"},"modified":"2021-08-25T10:32:53","modified_gmt":"2021-08-25T13:32:53","slug":"politica-lira-adia-em-pelo-menos-mais-uma-semana-votacao-da-reforma-do-ir","status":"publish","type":"post","link":"https:\/\/acs.org.br\/academy\/politica-lira-adia-em-pelo-menos-mais-uma-semana-votacao-da-reforma-do-ir\/","title":{"rendered":"POL\u00cdTICA: Lira adia em pelo menos mais uma semana vota\u00e7\u00e3o da reforma do IR"},"content":{"rendered":"<p>Fonte: Valor Econ\u00f4mico<\/p>\n<p>O presidente da C\u00e2mara dos Deputados, Arthur Lira (PP-AL), afirmou que a reforma do Imposto de Renda n\u00e3o voltar\u00e1 nesta semana \u00e0 pauta de vota\u00e7\u00f5es da Casa Legislativa. Segundo o deputado, foi decidido que os pr\u00f3ximos dias ser\u00e3o usados para negociar a proposta e chegar a uma \u201cconverg\u00eancia suficiente\u201d para vota\u00e7\u00e3o.<\/p>\n<p><a href=\"https:\/\/acs.org.br\/antigo\/wp-content\/uploads\/2021\/08\/REFORMA-IR-25-1.pdf\">LEIA MAIS&#8230;<\/a><\/p>\n","protected":false},"excerpt":{"rendered":"<p>Fonte: Valor Econ\u00f4mico O presidente da C\u00e2mara dos Deputados, Arthur Lira (PP-AL), afirmou que a reforma do Imposto de Renda n\u00e3o voltar\u00e1 nesta semana \u00e0 pauta de vota\u00e7\u00f5es da Casa Legislativa. Segundo o deputado, foi decidido que os pr\u00f3ximos dias ser\u00e3o usados para negociar a proposta e chegar a uma \u201cconverg\u00eancia suficiente\u201d para vota\u00e7\u00e3o. LEIA [&hellip;]<\/p>\n","protected":false},"author":3,"featured_media":0,"comment_status":"open","ping_status":"open","sticky":false,"template":"","format":"standard","meta":{"footnotes":""},"categories":[105],"tags":[],"_links":{"self":[{"href":"https:\/\/acs.org.br\/academy\/wp-json\/wp\/v2\/posts\/99319"}],"collection":[{"href":"https:\/\/acs.org.br\/academy\/wp-json\/wp\/v2\/posts"}],"about":[{"href":"https:\/\/acs.org.br\/academy\/wp-json\/wp\/v2\/types\/post"}],"author":[{"embeddable":true,"href":"https:\/\/acs.org.br\/academy\/wp-json\/wp\/v2\/users\/3"}],"replies":[{"embeddable":true,"href":"https:\/\/acs.org.br\/academy\/wp-json\/wp\/v2\/comments?post=99319"}],"version-history":[{"count":1,"href":"https:\/\/acs.org.br\/academy\/wp-json\/wp\/v2\/posts\/99319\/revisions"}],"predecessor-version":[{"id":99321,"href":"https:\/\/acs.org.br\/academy\/wp-json\/wp\/v2\/posts\/99319\/revisions\/99321"}],"wp:attachment":[{"href":"https:\/\/acs.org.br\/academy\/wp-json\/wp\/v2\/media?parent=99319"}],"wp:term":[{"taxonomy":"category","embeddable":true,"href":"https:\/\/acs.org.br\/academy\/wp-json\/wp\/v2\/categories?post=99319"},{"taxonomy":"post_tag","embeddable":true,"href":"https:\/\/acs.org.br\/academy\/wp-json\/wp\/v2\/tags?post=99319"}],"curies":[{"name":"wp","href":"https:\/\/api.w.org\/{rel}","templated":true}]}}