{"id":99317,"date":"2021-08-25T10:07:22","date_gmt":"2021-08-25T13:07:22","guid":{"rendered":"https:\/\/acs.org.br\/antigo\/?p=99317"},"modified":"2021-08-25T10:07:22","modified_gmt":"2021-08-25T13:07:22","slug":"economia-inflacao-esta-dentro-do-jogo-como-disse-guedes-entenda-por-que-a-escalada-de-precos-preocupa","status":"publish","type":"post","link":"https:\/\/acs.org.br\/academy\/economia-inflacao-esta-dentro-do-jogo-como-disse-guedes-entenda-por-que-a-escalada-de-precos-preocupa\/","title":{"rendered":"ECONOMIA: Infla\u00e7\u00e3o est\u00e1 &#8216;dentro do jogo&#8217;, como disse Guedes? Entenda por que a escalada de pre\u00e7os preocupa"},"content":{"rendered":"<p>Fonte: G1<\/p>\n<p>O ministro da Economia, Paulo Guedes, afirmou nesta segunda-feira (23) que a infla\u00e7\u00e3o brasileira n\u00e3o est\u00e1 fora de controle e que os \u00edndices de pre\u00e7os sobem no mundo todo. Para ele, uma infla\u00e7\u00e3o entre 7% e 8% est\u00e1 &#8220;dentro do jogo&#8221;.<\/p>\n<p><a href=\"https:\/\/g1.globo.com\/economia\/noticia\/2021\/08\/25\/inflacao-esta-ou-nao-dentro-do-jogo-como-disse-guedes-entenda-por-que-a-escalada-de-precos-preocupa.ghtml\">LEIA MAIS&#8230;<\/a><\/p>\n<p>&nbsp;<\/p>\n","protected":false},"excerpt":{"rendered":"<p>Fonte: G1 O ministro da Economia, Paulo Guedes, afirmou nesta segunda-feira (23) que a infla\u00e7\u00e3o brasileira n\u00e3o est\u00e1 fora de controle e que os \u00edndices de pre\u00e7os sobem no mundo todo. Para ele, uma infla\u00e7\u00e3o entre 7% e 8% est\u00e1 &#8220;dentro do jogo&#8221;. LEIA MAIS&#8230; &nbsp;<\/p>\n","protected":false},"author":3,"featured_media":0,"comment_status":"open","ping_status":"open","sticky":false,"template":"","format":"standard","meta":{"footnotes":""},"categories":[105],"tags":[],"_links":{"self":[{"href":"https:\/\/acs.org.br\/academy\/wp-json\/wp\/v2\/posts\/99317"}],"collection":[{"href":"https:\/\/acs.org.br\/academy\/wp-json\/wp\/v2\/posts"}],"about":[{"href":"https:\/\/acs.org.br\/academy\/wp-json\/wp\/v2\/types\/post"}],"author":[{"embeddable":true,"href":"https:\/\/acs.org.br\/academy\/wp-json\/wp\/v2\/users\/3"}],"replies":[{"embeddable":true,"href":"https:\/\/acs.org.br\/academy\/wp-json\/wp\/v2\/comments?post=99317"}],"version-history":[{"count":1,"href":"https:\/\/acs.org.br\/academy\/wp-json\/wp\/v2\/posts\/99317\/revisions"}],"predecessor-version":[{"id":99318,"href":"https:\/\/acs.org.br\/academy\/wp-json\/wp\/v2\/posts\/99317\/revisions\/99318"}],"wp:attachment":[{"href":"https:\/\/acs.org.br\/academy\/wp-json\/wp\/v2\/media?parent=99317"}],"wp:term":[{"taxonomy":"category","embeddable":true,"href":"https:\/\/acs.org.br\/academy\/wp-json\/wp\/v2\/categories?post=99317"},{"taxonomy":"post_tag","embeddable":true,"href":"https:\/\/acs.org.br\/academy\/wp-json\/wp\/v2\/tags?post=99317"}],"curies":[{"name":"wp","href":"https:\/\/api.w.org\/{rel}","templated":true}]}}