{"id":99315,"date":"2021-08-25T09:58:47","date_gmt":"2021-08-25T12:58:47","guid":{"rendered":"https:\/\/acs.org.br\/antigo\/?p=99315"},"modified":"2021-08-25T09:58:47","modified_gmt":"2021-08-25T12:58:47","slug":"comercio-exterior-ministerio-da-economia-lanca-programa-oea-integrado-secex","status":"publish","type":"post","link":"https:\/\/acs.org.br\/academy\/comercio-exterior-ministerio-da-economia-lanca-programa-oea-integrado-secex\/","title":{"rendered":"COM\u00c9RCIO EXTERIOR: Minist\u00e9rio da Economia lan\u00e7a programa OEA-Integrado Secex"},"content":{"rendered":"<p>Fonte: Informativo dos Portos<\/p>\n<p>As Secretarias Especiais da Receita Federal do Brasil (RFB) e de Com\u00e9rcio Exterior e Assuntos Internacionais (Secint) \u2013 ambas do Minist\u00e9rio da Economia (ME) \u2013 publicaram no Di\u00e1rio Oficial da Uni\u00e3o da \u00faltima sexta-feira (20\/8) a Portaria Conjunta RFB\/Secint n\u00ba 85, que disp\u00f5e sobre a participa\u00e7\u00e3o da Secretaria de Com\u00e9rcio Exterior (Secex) no Programa Brasileiro de Operador Econ\u00f4mico Autorizado (Programa OEA), por meio do m\u00f3dulo complementar do OEA-Integrado.<\/p>\n<p><a href=\"https:\/\/www.informativodosportos.com.br\/ministerio-da-economia-lanca-programa-oea-integrado-secex\/\">LEIA MAIS&#8230;<\/a><\/p>\n","protected":false},"excerpt":{"rendered":"<p>Fonte: Informativo dos Portos As Secretarias Especiais da Receita Federal do Brasil (RFB) e de Com\u00e9rcio Exterior e Assuntos Internacionais (Secint) \u2013 ambas do Minist\u00e9rio da Economia (ME) \u2013 publicaram no Di\u00e1rio Oficial da Uni\u00e3o da \u00faltima sexta-feira (20\/8) a Portaria Conjunta RFB\/Secint n\u00ba 85, que disp\u00f5e sobre a participa\u00e7\u00e3o da Secretaria de Com\u00e9rcio Exterior [&hellip;]<\/p>\n","protected":false},"author":3,"featured_media":0,"comment_status":"open","ping_status":"open","sticky":false,"template":"","format":"standard","meta":{"footnotes":""},"categories":[105],"tags":[],"_links":{"self":[{"href":"https:\/\/acs.org.br\/academy\/wp-json\/wp\/v2\/posts\/99315"}],"collection":[{"href":"https:\/\/acs.org.br\/academy\/wp-json\/wp\/v2\/posts"}],"about":[{"href":"https:\/\/acs.org.br\/academy\/wp-json\/wp\/v2\/types\/post"}],"author":[{"embeddable":true,"href":"https:\/\/acs.org.br\/academy\/wp-json\/wp\/v2\/users\/3"}],"replies":[{"embeddable":true,"href":"https:\/\/acs.org.br\/academy\/wp-json\/wp\/v2\/comments?post=99315"}],"version-history":[{"count":1,"href":"https:\/\/acs.org.br\/academy\/wp-json\/wp\/v2\/posts\/99315\/revisions"}],"predecessor-version":[{"id":99316,"href":"https:\/\/acs.org.br\/academy\/wp-json\/wp\/v2\/posts\/99315\/revisions\/99316"}],"wp:attachment":[{"href":"https:\/\/acs.org.br\/academy\/wp-json\/wp\/v2\/media?parent=99315"}],"wp:term":[{"taxonomy":"category","embeddable":true,"href":"https:\/\/acs.org.br\/academy\/wp-json\/wp\/v2\/categories?post=99315"},{"taxonomy":"post_tag","embeddable":true,"href":"https:\/\/acs.org.br\/academy\/wp-json\/wp\/v2\/tags?post=99315"}],"curies":[{"name":"wp","href":"https:\/\/api.w.org\/{rel}","templated":true}]}}