{"id":99309,"date":"2021-08-25T09:36:09","date_gmt":"2021-08-25T12:36:09","guid":{"rendered":"https:\/\/acs.org.br\/antigo\/?p=99309"},"modified":"2021-08-25T09:43:08","modified_gmt":"2021-08-25T12:43:08","slug":"cafe-pandemia-impoe-tempos-dificeis-ao-setor-de-cafe","status":"publish","type":"post","link":"https:\/\/acs.org.br\/academy\/cafe-pandemia-impoe-tempos-dificeis-ao-setor-de-cafe\/","title":{"rendered":"CAF\u00c9: Pandemia imp\u00f5e tempos dif\u00edceis ao setor de caf\u00e9"},"content":{"rendered":"<p>Fonte: A Tribuna<\/p>\n<p>Mais feroz do que as tr\u00eas geadas j\u00e1 registradas neste inverno no Brasil e do que a atual falta de chuvas, a pandemia de covid-19 \u00e9 descrita como o mais impactante acontecimento dos \u00faltiimos anos no set\u00f4r de caf\u00e9, avalia o classificador de produto Moacir Delfim Leite Soares.<\/p>\n<p><a href=\"https:\/\/acs.org.br\/antigo\/wp-content\/uploads\/2021\/08\/CAFE-25-B.pdf\">LEIA MAIS&#8230;<\/a><\/p>\n","protected":false},"excerpt":{"rendered":"<p>Fonte: A Tribuna Mais feroz do que as tr\u00eas geadas j\u00e1 registradas neste inverno no Brasil e do que a atual falta de chuvas, a pandemia de covid-19 \u00e9 descrita como o mais impactante acontecimento dos \u00faltiimos anos no set\u00f4r de caf\u00e9, avalia o classificador de produto Moacir Delfim Leite Soares. LEIA MAIS&#8230;<\/p>\n","protected":false},"author":3,"featured_media":0,"comment_status":"open","ping_status":"open","sticky":false,"template":"","format":"standard","meta":{"footnotes":""},"categories":[105],"tags":[],"_links":{"self":[{"href":"https:\/\/acs.org.br\/academy\/wp-json\/wp\/v2\/posts\/99309"}],"collection":[{"href":"https:\/\/acs.org.br\/academy\/wp-json\/wp\/v2\/posts"}],"about":[{"href":"https:\/\/acs.org.br\/academy\/wp-json\/wp\/v2\/types\/post"}],"author":[{"embeddable":true,"href":"https:\/\/acs.org.br\/academy\/wp-json\/wp\/v2\/users\/3"}],"replies":[{"embeddable":true,"href":"https:\/\/acs.org.br\/academy\/wp-json\/wp\/v2\/comments?post=99309"}],"version-history":[{"count":3,"href":"https:\/\/acs.org.br\/academy\/wp-json\/wp\/v2\/posts\/99309\/revisions"}],"predecessor-version":[{"id":99314,"href":"https:\/\/acs.org.br\/academy\/wp-json\/wp\/v2\/posts\/99309\/revisions\/99314"}],"wp:attachment":[{"href":"https:\/\/acs.org.br\/academy\/wp-json\/wp\/v2\/media?parent=99309"}],"wp:term":[{"taxonomy":"category","embeddable":true,"href":"https:\/\/acs.org.br\/academy\/wp-json\/wp\/v2\/categories?post=99309"},{"taxonomy":"post_tag","embeddable":true,"href":"https:\/\/acs.org.br\/academy\/wp-json\/wp\/v2\/tags?post=99309"}],"curies":[{"name":"wp","href":"https:\/\/api.w.org\/{rel}","templated":true}]}}