{"id":99306,"date":"2021-08-25T09:34:49","date_gmt":"2021-08-25T12:34:49","guid":{"rendered":"https:\/\/acs.org.br\/antigo\/?p=99306"},"modified":"2021-08-25T09:34:49","modified_gmt":"2021-08-25T12:34:49","slug":"porto-tarcisio-br-do-mar-sai-ate-dezembro","status":"publish","type":"post","link":"https:\/\/acs.org.br\/academy\/porto-tarcisio-br-do-mar-sai-ate-dezembro\/","title":{"rendered":"PORTO: Tarc\u00edsio: BR do Mar sai at\u00e9 dezembro"},"content":{"rendered":"<p>Fonte: A Tribuna<\/p>\n<p>O ministro da Infraestrutura, Tarc\u00edsio Gomes de Freitas, informou ontem, durante a Expert XP, que espera ter o projeto de incentivo \u00e0 cabotagem (o transporte mar\u00edtimo de cargas entre portos de uma costa), que ficou conhecido como, BR do Mar, aprovado no Congresso at\u00e9 o final do ano.<\/p>\n<p><a href=\"https:\/\/acs.org.br\/antigo\/wp-content\/uploads\/2021\/08\/BRDOMAR-25.pdf\">LEIA MAIS&#8230;<\/a><\/p>\n<p>&nbsp;<\/p>\n","protected":false},"excerpt":{"rendered":"<p>Fonte: A Tribuna O ministro da Infraestrutura, Tarc\u00edsio Gomes de Freitas, informou ontem, durante a Expert XP, que espera ter o projeto de incentivo \u00e0 cabotagem (o transporte mar\u00edtimo de cargas entre portos de uma costa), que ficou conhecido como, BR do Mar, aprovado no Congresso at\u00e9 o final do ano. LEIA MAIS&#8230; &nbsp;<\/p>\n","protected":false},"author":3,"featured_media":0,"comment_status":"open","ping_status":"open","sticky":false,"template":"","format":"standard","meta":{"footnotes":""},"categories":[105],"tags":[],"_links":{"self":[{"href":"https:\/\/acs.org.br\/academy\/wp-json\/wp\/v2\/posts\/99306"}],"collection":[{"href":"https:\/\/acs.org.br\/academy\/wp-json\/wp\/v2\/posts"}],"about":[{"href":"https:\/\/acs.org.br\/academy\/wp-json\/wp\/v2\/types\/post"}],"author":[{"embeddable":true,"href":"https:\/\/acs.org.br\/academy\/wp-json\/wp\/v2\/users\/3"}],"replies":[{"embeddable":true,"href":"https:\/\/acs.org.br\/academy\/wp-json\/wp\/v2\/comments?post=99306"}],"version-history":[{"count":1,"href":"https:\/\/acs.org.br\/academy\/wp-json\/wp\/v2\/posts\/99306\/revisions"}],"predecessor-version":[{"id":99308,"href":"https:\/\/acs.org.br\/academy\/wp-json\/wp\/v2\/posts\/99306\/revisions\/99308"}],"wp:attachment":[{"href":"https:\/\/acs.org.br\/academy\/wp-json\/wp\/v2\/media?parent=99306"}],"wp:term":[{"taxonomy":"category","embeddable":true,"href":"https:\/\/acs.org.br\/academy\/wp-json\/wp\/v2\/categories?post=99306"},{"taxonomy":"post_tag","embeddable":true,"href":"https:\/\/acs.org.br\/academy\/wp-json\/wp\/v2\/tags?post=99306"}],"curies":[{"name":"wp","href":"https:\/\/api.w.org\/{rel}","templated":true}]}}