{"id":99283,"date":"2021-08-24T10:41:26","date_gmt":"2021-08-24T13:41:26","guid":{"rendered":"https:\/\/acs.org.br\/antigo\/?p=99283"},"modified":"2021-08-24T10:41:26","modified_gmt":"2021-08-24T13:41:26","slug":"cafe-exportacoes-brasileiras-de-cafe-totalizam-us-32-bilhoes-entre-janeiro-e-julho-de-2021","status":"publish","type":"post","link":"https:\/\/acs.org.br\/academy\/cafe-exportacoes-brasileiras-de-cafe-totalizam-us-32-bilhoes-entre-janeiro-e-julho-de-2021\/","title":{"rendered":"CAF\u00c9: Exporta\u00e7\u00f5es brasileiras de caf\u00e9 totalizam US$ 3,2 bilh\u00f5es entre janeiro e julho de 2021"},"content":{"rendered":"<p>Fonte: Caf\u00e9 Point<\/p>\n<p>Levantamento da Embrapa Caf\u00e9 destaca que as exporta\u00e7\u00f5es dos Caf\u00e9s do Brasil, exclusivamente no m\u00eas de julho, arrecadaram, em termos de receita cambial para o Pa\u00eds, o montante de US$ 402,7 milh\u00f5es, valor que correspondeu a um acr\u00e9scimo de 5,6% em rela\u00e7\u00e3o ao mesmo m\u00eas do ano passado, cuja receita foi de US$ 381,2 milh\u00f5es.<\/p>\n<p><a href=\"https:\/\/www.cafepoint.com.br\/noticias\/giro-de-noticias\/exportacoes-brasileiras-de-cafe-totalizam-us-32-bilhoes-entre-janeiro-e-julho-de-2021-226942\/\">LEIA MAIS&#8230;<\/a><\/p>\n<p>&nbsp;<\/p>\n","protected":false},"excerpt":{"rendered":"<p>Fonte: Caf\u00e9 Point Levantamento da Embrapa Caf\u00e9 destaca que as exporta\u00e7\u00f5es dos Caf\u00e9s do Brasil, exclusivamente no m\u00eas de julho, arrecadaram, em termos de receita cambial para o Pa\u00eds, o montante de US$ 402,7 milh\u00f5es, valor que correspondeu a um acr\u00e9scimo de 5,6% em rela\u00e7\u00e3o ao mesmo m\u00eas do ano passado, cuja receita foi de [&hellip;]<\/p>\n","protected":false},"author":3,"featured_media":0,"comment_status":"open","ping_status":"open","sticky":false,"template":"","format":"standard","meta":{"footnotes":""},"categories":[105],"tags":[],"_links":{"self":[{"href":"https:\/\/acs.org.br\/academy\/wp-json\/wp\/v2\/posts\/99283"}],"collection":[{"href":"https:\/\/acs.org.br\/academy\/wp-json\/wp\/v2\/posts"}],"about":[{"href":"https:\/\/acs.org.br\/academy\/wp-json\/wp\/v2\/types\/post"}],"author":[{"embeddable":true,"href":"https:\/\/acs.org.br\/academy\/wp-json\/wp\/v2\/users\/3"}],"replies":[{"embeddable":true,"href":"https:\/\/acs.org.br\/academy\/wp-json\/wp\/v2\/comments?post=99283"}],"version-history":[{"count":1,"href":"https:\/\/acs.org.br\/academy\/wp-json\/wp\/v2\/posts\/99283\/revisions"}],"predecessor-version":[{"id":99284,"href":"https:\/\/acs.org.br\/academy\/wp-json\/wp\/v2\/posts\/99283\/revisions\/99284"}],"wp:attachment":[{"href":"https:\/\/acs.org.br\/academy\/wp-json\/wp\/v2\/media?parent=99283"}],"wp:term":[{"taxonomy":"category","embeddable":true,"href":"https:\/\/acs.org.br\/academy\/wp-json\/wp\/v2\/categories?post=99283"},{"taxonomy":"post_tag","embeddable":true,"href":"https:\/\/acs.org.br\/academy\/wp-json\/wp\/v2\/tags?post=99283"}],"curies":[{"name":"wp","href":"https:\/\/api.w.org\/{rel}","templated":true}]}}