{"id":99263,"date":"2021-08-24T09:54:54","date_gmt":"2021-08-24T12:54:54","guid":{"rendered":"https:\/\/acs.org.br\/antigo\/?p=99263"},"modified":"2021-08-24T10:07:27","modified_gmt":"2021-08-24T13:07:27","slug":"petroleo-e-gas-shell-estreia-venda-de-gas-para-distribuidoras","status":"publish","type":"post","link":"https:\/\/acs.org.br\/academy\/petroleo-e-gas-shell-estreia-venda-de-gas-para-distribuidoras\/","title":{"rendered":"PETR\u00d3LEO E G\u00c1S: Shell estreia venda de g\u00e1s para distribuidoras"},"content":{"rendered":"<p>Fonte: Valor Econ\u00f4mico<\/p>\n<p>A Shell assina, hoje, um contrato com a distribuidora Coperg\u00e1s para fornecimento de g\u00e1s natural ao mercado pernambucano a partir de 2022.<\/p>\n<p><a href=\"https:\/\/acs.org.br\/antigo\/wp-content\/uploads\/2021\/08\/SHELL-24.pdf\">LEIA MAIS&#8230;<\/a><\/p>\n","protected":false},"excerpt":{"rendered":"<p>Fonte: Valor Econ\u00f4mico A Shell assina, hoje, um contrato com a distribuidora Coperg\u00e1s para fornecimento de g\u00e1s natural ao mercado pernambucano a partir de 2022. LEIA MAIS&#8230;<\/p>\n","protected":false},"author":3,"featured_media":0,"comment_status":"open","ping_status":"open","sticky":false,"template":"","format":"standard","meta":{"footnotes":""},"categories":[105],"tags":[],"_links":{"self":[{"href":"https:\/\/acs.org.br\/academy\/wp-json\/wp\/v2\/posts\/99263"}],"collection":[{"href":"https:\/\/acs.org.br\/academy\/wp-json\/wp\/v2\/posts"}],"about":[{"href":"https:\/\/acs.org.br\/academy\/wp-json\/wp\/v2\/types\/post"}],"author":[{"embeddable":true,"href":"https:\/\/acs.org.br\/academy\/wp-json\/wp\/v2\/users\/3"}],"replies":[{"embeddable":true,"href":"https:\/\/acs.org.br\/academy\/wp-json\/wp\/v2\/comments?post=99263"}],"version-history":[{"count":3,"href":"https:\/\/acs.org.br\/academy\/wp-json\/wp\/v2\/posts\/99263\/revisions"}],"predecessor-version":[{"id":99267,"href":"https:\/\/acs.org.br\/academy\/wp-json\/wp\/v2\/posts\/99263\/revisions\/99267"}],"wp:attachment":[{"href":"https:\/\/acs.org.br\/academy\/wp-json\/wp\/v2\/media?parent=99263"}],"wp:term":[{"taxonomy":"category","embeddable":true,"href":"https:\/\/acs.org.br\/academy\/wp-json\/wp\/v2\/categories?post=99263"},{"taxonomy":"post_tag","embeddable":true,"href":"https:\/\/acs.org.br\/academy\/wp-json\/wp\/v2\/tags?post=99263"}],"curies":[{"name":"wp","href":"https:\/\/api.w.org\/{rel}","templated":true}]}}