{"id":99261,"date":"2021-08-24T09:30:50","date_gmt":"2021-08-24T12:30:50","guid":{"rendered":"https:\/\/acs.org.br\/antigo\/?p=99261"},"modified":"2021-08-24T09:30:50","modified_gmt":"2021-08-24T12:30:50","slug":"comercio-exterior-balanca-tem-superavit-de-us-542-bilhoes-em-agosto-ate-a-terceira-semana","status":"publish","type":"post","link":"https:\/\/acs.org.br\/academy\/comercio-exterior-balanca-tem-superavit-de-us-542-bilhoes-em-agosto-ate-a-terceira-semana\/","title":{"rendered":"COM\u00c9RCIO EXTERIOR: Balan\u00e7a tem super\u00e1vit de US$ 5,42 bilh\u00f5es em agosto, at\u00e9 a terceira semana"},"content":{"rendered":"<p>Fonte: Informativo dos Portos<\/p>\n<p>A balan\u00e7a comercial brasileira registrou super\u00e1vit de US$ 5,42 bilh\u00f5es em agosto, at\u00e9 a terceira semana, com crescimento de 30,3%, pela m\u00e9dia di\u00e1ria, em rela\u00e7\u00e3o a agosto do ano passado. A corrente de com\u00e9rcio (soma de exporta\u00e7\u00f5es e importa\u00e7\u00f5es) aumentou 53,4%, alcan\u00e7ando US$ 31,77 bilh\u00f5es.<\/p>\n<p><a href=\"https:\/\/www.informativodosportos.com.br\/balanca-tem-superavit-de-us-542-bilhoes-em-agosto-ate-a-terceira-semana\/\">LEIA MAIS&#8230;<\/a><\/p>\n","protected":false},"excerpt":{"rendered":"<p>Fonte: Informativo dos Portos A balan\u00e7a comercial brasileira registrou super\u00e1vit de US$ 5,42 bilh\u00f5es em agosto, at\u00e9 a terceira semana, com crescimento de 30,3%, pela m\u00e9dia di\u00e1ria, em rela\u00e7\u00e3o a agosto do ano passado. A corrente de com\u00e9rcio (soma de exporta\u00e7\u00f5es e importa\u00e7\u00f5es) aumentou 53,4%, alcan\u00e7ando US$ 31,77 bilh\u00f5es. LEIA MAIS&#8230;<\/p>\n","protected":false},"author":3,"featured_media":0,"comment_status":"open","ping_status":"open","sticky":false,"template":"","format":"standard","meta":{"footnotes":""},"categories":[105],"tags":[],"_links":{"self":[{"href":"https:\/\/acs.org.br\/academy\/wp-json\/wp\/v2\/posts\/99261"}],"collection":[{"href":"https:\/\/acs.org.br\/academy\/wp-json\/wp\/v2\/posts"}],"about":[{"href":"https:\/\/acs.org.br\/academy\/wp-json\/wp\/v2\/types\/post"}],"author":[{"embeddable":true,"href":"https:\/\/acs.org.br\/academy\/wp-json\/wp\/v2\/users\/3"}],"replies":[{"embeddable":true,"href":"https:\/\/acs.org.br\/academy\/wp-json\/wp\/v2\/comments?post=99261"}],"version-history":[{"count":1,"href":"https:\/\/acs.org.br\/academy\/wp-json\/wp\/v2\/posts\/99261\/revisions"}],"predecessor-version":[{"id":99262,"href":"https:\/\/acs.org.br\/academy\/wp-json\/wp\/v2\/posts\/99261\/revisions\/99262"}],"wp:attachment":[{"href":"https:\/\/acs.org.br\/academy\/wp-json\/wp\/v2\/media?parent=99261"}],"wp:term":[{"taxonomy":"category","embeddable":true,"href":"https:\/\/acs.org.br\/academy\/wp-json\/wp\/v2\/categories?post=99261"},{"taxonomy":"post_tag","embeddable":true,"href":"https:\/\/acs.org.br\/academy\/wp-json\/wp\/v2\/tags?post=99261"}],"curies":[{"name":"wp","href":"https:\/\/api.w.org\/{rel}","templated":true}]}}