{"id":99259,"date":"2021-08-24T09:23:40","date_gmt":"2021-08-24T12:23:40","guid":{"rendered":"https:\/\/acs.org.br\/antigo\/?p=99259"},"modified":"2021-08-24T09:23:40","modified_gmt":"2021-08-24T12:23:40","slug":"porto-audiencia-discutira-regras-sobre-afretamento-de-embarcacoes-estrangeiras","status":"publish","type":"post","link":"https:\/\/acs.org.br\/academy\/porto-audiencia-discutira-regras-sobre-afretamento-de-embarcacoes-estrangeiras\/","title":{"rendered":"PORTO: Audi\u00eancia discutir\u00e1 regras sobre afretamento de embarca\u00e7\u00f5es estrangeiras"},"content":{"rendered":"<p>Fonte: Ag\u00eancia Porto<\/p>\n<p>A Comiss\u00e3o de Via\u00e7\u00e3o e Transportes da C\u00e2mara dos Deputados realiza, nesta sexta-feira (27), audi\u00eancia p\u00fablica para debater propostas que alteram a legisla\u00e7\u00e3o de transporte aquavi\u00e1rio e estabelecem regras sobre o afretamento de embarca\u00e7\u00f5es estrangeiras, tanto na navega\u00e7\u00e3o de cabotagem quanto na navega\u00e7\u00e3o interior.<\/p>\n<p><a href=\"http:\/\/agenciaporto.com\/audiencia-discutira-regras-sobre-afretamento-de-embarcacoes-estrangeiras\/\">LEIA MAIS&#8230;<\/a><\/p>\n<p>&nbsp;<\/p>\n","protected":false},"excerpt":{"rendered":"<p>Fonte: Ag\u00eancia Porto A Comiss\u00e3o de Via\u00e7\u00e3o e Transportes da C\u00e2mara dos Deputados realiza, nesta sexta-feira (27), audi\u00eancia p\u00fablica para debater propostas que alteram a legisla\u00e7\u00e3o de transporte aquavi\u00e1rio e estabelecem regras sobre o afretamento de embarca\u00e7\u00f5es estrangeiras, tanto na navega\u00e7\u00e3o de cabotagem quanto na navega\u00e7\u00e3o interior. LEIA MAIS&#8230; &nbsp;<\/p>\n","protected":false},"author":3,"featured_media":0,"comment_status":"open","ping_status":"open","sticky":false,"template":"","format":"standard","meta":{"footnotes":""},"categories":[105],"tags":[],"_links":{"self":[{"href":"https:\/\/acs.org.br\/academy\/wp-json\/wp\/v2\/posts\/99259"}],"collection":[{"href":"https:\/\/acs.org.br\/academy\/wp-json\/wp\/v2\/posts"}],"about":[{"href":"https:\/\/acs.org.br\/academy\/wp-json\/wp\/v2\/types\/post"}],"author":[{"embeddable":true,"href":"https:\/\/acs.org.br\/academy\/wp-json\/wp\/v2\/users\/3"}],"replies":[{"embeddable":true,"href":"https:\/\/acs.org.br\/academy\/wp-json\/wp\/v2\/comments?post=99259"}],"version-history":[{"count":1,"href":"https:\/\/acs.org.br\/academy\/wp-json\/wp\/v2\/posts\/99259\/revisions"}],"predecessor-version":[{"id":99260,"href":"https:\/\/acs.org.br\/academy\/wp-json\/wp\/v2\/posts\/99259\/revisions\/99260"}],"wp:attachment":[{"href":"https:\/\/acs.org.br\/academy\/wp-json\/wp\/v2\/media?parent=99259"}],"wp:term":[{"taxonomy":"category","embeddable":true,"href":"https:\/\/acs.org.br\/academy\/wp-json\/wp\/v2\/categories?post=99259"},{"taxonomy":"post_tag","embeddable":true,"href":"https:\/\/acs.org.br\/academy\/wp-json\/wp\/v2\/tags?post=99259"}],"curies":[{"name":"wp","href":"https:\/\/api.w.org\/{rel}","templated":true}]}}